{"id":917,"date":"2013-03-01T15:05:43","date_gmt":"2013-03-01T14:05:43","guid":{"rendered":"https:\/\/blog.pressler-online.de\/?p=917"},"modified":"2013-05-09T00:21:41","modified_gmt":"2013-05-08T22:21:41","slug":"kranker-vogel","status":"publish","type":"post","link":"https:\/\/blog.pressler-online.de\/?p=917","title":{"rendered":"Kranker Vogel"},"content":{"rendered":"<p><a href=\"https:\/\/blog.pressler-online.de\/wp-content\/uploads\/2013\/03\/20130301-150609.jpg\" rel=\"lightbox[917]\"><img decoding=\"async\" class=\"size-full aligncenter\" alt=\"20130301-150609.jpg\" src=\"https:\/\/blog.pressler-online.de\/wp-content\/uploads\/2013\/03\/20130301-150609.jpg\" \/><\/a><br \/>\nPhilipp ist heute Morgen mit 38,7\u00b0 Fieber aufgewacht. Damit war an Schule nat\u00fcrlich nicht zu denken, was Philipp nat\u00fcrlich sehr gefreut hat. Daf\u00fcr musste er fast den ganzen Tag im Bett bleiben und sich ausruhen, was Philipp nat\u00fcrlich weniger gefreut hat.<br \/>\nDas bescherte uns jedoch einen sch\u00f6nen, gem\u00fctlichen Tag, an den man so richtig sch\u00f6n die Seele baumeln lassen konnte. Und so hatte ich dann doch noch etwas Gutes.<\/p>\n","protected":false},"excerpt":{"rendered":"<p>Philipp ist heute Morgen mit 38,7\u00b0 Fieber aufgewacht. Damit war an Schule nat\u00fcrlich nicht zu denken, was Philipp nat\u00fcrlich sehr gefreut hat. Daf\u00fcr musste er fast den ganzen Tag im Bett bleiben und sich ausruhen, was Philipp nat\u00fcrlich weniger gefreut hat. Das bescherte uns jedoch einen sch\u00f6nen, gem\u00fctlichen Tag, an den man so richtig sch\u00f6n &hellip; <\/p>\n<p class=\"link-more\"><a href=\"https:\/\/blog.pressler-online.de\/?p=917\" class=\"more-link\"><span class=\"screen-reader-text\">\u201eKranker Vogel\u201c <\/span>weiterlesen<\/a><\/p>\n","protected":false},"author":5,"featured_media":0,"comment_status":"open","ping_status":"open","sticky":false,"template":"","format":"standard","meta":{"footnotes":""},"categories":[1],"tags":[17],"class_list":["post-917","post","type-post","status-publish","format-standard","hentry","category-allgemein","tag-krank"],"_links":{"self":[{"href":"https:\/\/blog.pressler-online.de\/index.php?rest_route=\/wp\/v2\/posts\/917","targetHints":{"allow":["GET"]}}],"collection":[{"href":"https:\/\/blog.pressler-online.de\/index.php?rest_route=\/wp\/v2\/posts"}],"about":[{"href":"https:\/\/blog.pressler-online.de\/index.php?rest_route=\/wp\/v2\/types\/post"}],"author":[{"embeddable":true,"href":"https:\/\/blog.pressler-online.de\/index.php?rest_route=\/wp\/v2\/users\/5"}],"replies":[{"embeddable":true,"href":"https:\/\/blog.pressler-online.de\/index.php?rest_route=%2Fwp%2Fv2%2Fcomments&post=917"}],"version-history":[{"count":39,"href":"https:\/\/blog.pressler-online.de\/index.php?rest_route=\/wp\/v2\/posts\/917\/revisions"}],"predecessor-version":[{"id":1070,"href":"https:\/\/blog.pressler-online.de\/index.php?rest_route=\/wp\/v2\/posts\/917\/revisions\/1070"}],"wp:attachment":[{"href":"https:\/\/blog.pressler-online.de\/index.php?rest_route=%2Fwp%2Fv2%2Fmedia&parent=917"}],"wp:term":[{"taxonomy":"category","embeddable":true,"href":"https:\/\/blog.pressler-online.de\/index.php?rest_route=%2Fwp%2Fv2%2Fcategories&post=917"},{"taxonomy":"post_tag","embeddable":true,"href":"https:\/\/blog.pressler-online.de\/index.php?rest_route=%2Fwp%2Fv2%2Ftags&post=917"}],"curies":[{"name":"wp","href":"https:\/\/api.w.org\/{rel}","templated":true}]}}