{"id":858,"date":"2012-06-17T21:49:36","date_gmt":"2012-06-17T19:49:36","guid":{"rendered":"https:\/\/blog.pressler-online.de\/?p=858"},"modified":"2012-11-21T22:03:40","modified_gmt":"2012-11-21T21:03:40","slug":"abschied-2","status":"publish","type":"post","link":"https:\/\/blog.pressler-online.de\/?p=858","title":{"rendered":"Abschied"},"content":{"rendered":"<p><a href=\"https:\/\/blog.pressler-online.de\/2012\/06\/17\/abschied-2\/20120617-img_4330\/\" rel=\"attachment wp-att-859\"><img loading=\"lazy\" decoding=\"async\" class=\"aligncenter size-medium wp-image-859\" title=\"20120617-IMG_4330\" src=\"https:\/\/blog.pressler-online.de\/wp-content\/uploads\/2012\/11\/20120617-IMG_4330-400x266.jpg\" alt=\"\" width=\"400\" height=\"266\" \/><\/a><\/p>\n<p>Heute war in Erbach wieder Dorf fest und traditionell findet dort auch die Verabschiedung der Vorschulkinder des Kindergartens statt. Bei warmen Temperaturen und Sonnenschein, haben sich wieder viele Erb\u00e4cher und Kindergartenkinder mit ihren Eltern am Dorfplatz eingefunden.<\/p>\n<p>Wir waren schon ganz gespannt auf die Abschiedsvorstellung der Vorschulkinder. Hatten sie doch in den letzten Tagen intensive geprobt. Vorgef\u00fchrt wurden verschiedene Lieder die von den Kindern selbst gesungen und auch gespielt wurden. Mal waren sie Chinesen, dann sind sie mit dem &#8222;Bus through the town&#8220; gefahren oder waren Tiere auf dem Bauernhof. Kinder und Eltern hatten sichtlich ihre Freude und am Ende gab es jede Menge Applaus.<\/p>\n<p>Sp\u00e4ter wurde jedes Vorschulkind noch pers\u00f6nlich von seiner Erzieherinn verabschiedet und zu jedem Kind noch etwas pers\u00f6nliches \u00fcber ihre Entwicklung der Jahre im Kindergarten erz\u00e4hlt. Bei Philipp hie\u00df es, dass er sich gut beim Spielen konzentrieren kann, immer bei der Sache bleibt und sich auch durch seine Freunde nicht ablenken l\u00e4sst. Ob Petra hier wirklich von unserem Sohn Philipp geredet hat ?? Alles Dinge die ihm Zuhause v\u00f6llig fremd sind :-)))<\/p>\n","protected":false},"excerpt":{"rendered":"<p>Heute war in Erbach wieder Dorf fest und traditionell findet dort auch die Verabschiedung der Vorschulkinder des Kindergartens statt. Bei warmen Temperaturen und Sonnenschein, haben sich wieder viele Erb\u00e4cher und Kindergartenkinder mit ihren Eltern am Dorfplatz eingefunden. Wir waren schon ganz gespannt auf die Abschiedsvorstellung der Vorschulkinder. Hatten sie doch in den letzten Tagen intensive &hellip; <\/p>\n<p class=\"link-more\"><a href=\"https:\/\/blog.pressler-online.de\/?p=858\" class=\"more-link\"><span class=\"screen-reader-text\">\u201eAbschied\u201c <\/span>weiterlesen<\/a><\/p>\n","protected":false},"author":5,"featured_media":0,"comment_status":"open","ping_status":"open","sticky":false,"template":"","format":"standard","meta":{"footnotes":""},"categories":[1],"tags":[],"class_list":["post-858","post","type-post","status-publish","format-standard","hentry","category-allgemein"],"_links":{"self":[{"href":"https:\/\/blog.pressler-online.de\/index.php?rest_route=\/wp\/v2\/posts\/858","targetHints":{"allow":["GET"]}}],"collection":[{"href":"https:\/\/blog.pressler-online.de\/index.php?rest_route=\/wp\/v2\/posts"}],"about":[{"href":"https:\/\/blog.pressler-online.de\/index.php?rest_route=\/wp\/v2\/types\/post"}],"author":[{"embeddable":true,"href":"https:\/\/blog.pressler-online.de\/index.php?rest_route=\/wp\/v2\/users\/5"}],"replies":[{"embeddable":true,"href":"https:\/\/blog.pressler-online.de\/index.php?rest_route=%2Fwp%2Fv2%2Fcomments&post=858"}],"version-history":[{"count":2,"href":"https:\/\/blog.pressler-online.de\/index.php?rest_route=\/wp\/v2\/posts\/858\/revisions"}],"predecessor-version":[{"id":861,"href":"https:\/\/blog.pressler-online.de\/index.php?rest_route=\/wp\/v2\/posts\/858\/revisions\/861"}],"wp:attachment":[{"href":"https:\/\/blog.pressler-online.de\/index.php?rest_route=%2Fwp%2Fv2%2Fmedia&parent=858"}],"wp:term":[{"taxonomy":"category","embeddable":true,"href":"https:\/\/blog.pressler-online.de\/index.php?rest_route=%2Fwp%2Fv2%2Fcategories&post=858"},{"taxonomy":"post_tag","embeddable":true,"href":"https:\/\/blog.pressler-online.de\/index.php?rest_route=%2Fwp%2Fv2%2Ftags&post=858"}],"curies":[{"name":"wp","href":"https:\/\/api.w.org\/{rel}","templated":true}]}}