{"id":760,"date":"2006-08-06T14:03:00","date_gmt":"2006-08-06T12:03:00","guid":{"rendered":"https:\/\/blog.pressler-online.de\/?p=760"},"modified":"2020-05-25T17:42:46","modified_gmt":"2020-05-25T15:42:46","slug":"die-erste-kirmes","status":"publish","type":"post","link":"https:\/\/blog.pressler-online.de\/?p=760","title":{"rendered":"Die erste Kirmes"},"content":{"rendered":"<p>Am Wochenende war in Heppenheim Kirmes. Bei unserem sonnt\u00e4glichen Spaziergang durfte da eine Runde \u00fcber den Festplatz nicht fehlen. Dort trafen wir Sibylle, J\u00f6rg mit Annika und Kim. Ein richtig lustiger Nachmittag.<br \/>\nNicht mehr lange und Christine und ich werden in der Reihe der Eltern vor dem Kinderkarussell stehen und Philipp zuschauen wie er seine Runden dreht. Da freuen wir uns jetzt schon drauf.<\/p>\n","protected":false},"excerpt":{"rendered":"<p>Am Wochenende war in Heppenheim Kirmes. Bei unserem sonnt\u00e4glichen Spaziergang durfte da eine Runde \u00fcber den Festplatz nicht fehlen. Dort trafen wir Sibylle, J\u00f6rg mit Annika und Kim. Ein richtig lustiger Nachmittag. Nicht mehr lange und Christine und ich werden in der Reihe der Eltern vor dem Kinderkarussell stehen und Philipp zuschauen wie er seine &hellip; <\/p>\n<p class=\"link-more\"><a href=\"https:\/\/blog.pressler-online.de\/?p=760\" class=\"more-link\"><span class=\"screen-reader-text\">\u201eDie erste Kirmes\u201c <\/span>weiterlesen<\/a><\/p>\n","protected":false},"author":5,"featured_media":3084,"comment_status":"open","ping_status":"open","sticky":false,"template":"","format":"standard","meta":{"footnotes":""},"categories":[1],"tags":[],"class_list":["post-760","post","type-post","status-publish","format-standard","has-post-thumbnail","hentry","category-allgemein"],"_links":{"self":[{"href":"https:\/\/blog.pressler-online.de\/index.php?rest_route=\/wp\/v2\/posts\/760","targetHints":{"allow":["GET"]}}],"collection":[{"href":"https:\/\/blog.pressler-online.de\/index.php?rest_route=\/wp\/v2\/posts"}],"about":[{"href":"https:\/\/blog.pressler-online.de\/index.php?rest_route=\/wp\/v2\/types\/post"}],"author":[{"embeddable":true,"href":"https:\/\/blog.pressler-online.de\/index.php?rest_route=\/wp\/v2\/users\/5"}],"replies":[{"embeddable":true,"href":"https:\/\/blog.pressler-online.de\/index.php?rest_route=%2Fwp%2Fv2%2Fcomments&post=760"}],"version-history":[{"count":1,"href":"https:\/\/blog.pressler-online.de\/index.php?rest_route=\/wp\/v2\/posts\/760\/revisions"}],"predecessor-version":[{"id":3110,"href":"https:\/\/blog.pressler-online.de\/index.php?rest_route=\/wp\/v2\/posts\/760\/revisions\/3110"}],"wp:featuredmedia":[{"embeddable":true,"href":"https:\/\/blog.pressler-online.de\/index.php?rest_route=\/wp\/v2\/media\/3084"}],"wp:attachment":[{"href":"https:\/\/blog.pressler-online.de\/index.php?rest_route=%2Fwp%2Fv2%2Fmedia&parent=760"}],"wp:term":[{"taxonomy":"category","embeddable":true,"href":"https:\/\/blog.pressler-online.de\/index.php?rest_route=%2Fwp%2Fv2%2Fcategories&post=760"},{"taxonomy":"post_tag","embeddable":true,"href":"https:\/\/blog.pressler-online.de\/index.php?rest_route=%2Fwp%2Fv2%2Ftags&post=760"}],"curies":[{"name":"wp","href":"https:\/\/api.w.org\/{rel}","templated":true}]}}