{"id":754,"date":"2006-08-15T14:37:00","date_gmt":"2006-08-15T12:37:00","guid":{"rendered":"https:\/\/blog.pressler-online.de\/?p=754"},"modified":"2020-05-25T17:50:39","modified_gmt":"2020-05-25T15:50:39","slug":"fruhstucksgruppe","status":"publish","type":"post","link":"https:\/\/blog.pressler-online.de\/?p=754","title":{"rendered":"Fr\u00fchst\u00fccksgruppe"},"content":{"rendered":"<p>Es ist ja \u00fcblich, dass junge M\u00fctter sich zu Krabbelgruppen zusammenschlie\u00dfen, aber zu Fr\u00fchst\u00fccksgruppen ??? Jedenfalls kommt es mir so vor.<br \/>\nNachdem Chrissi die letzten Wochen regelm\u00e4\u00dfig bei einer ihrer Freundinnen eingeladen war, traf sich der ganze Trupp heute im Hause Pressler. Kurzfristig wurde das Wohnzimmer in einen Kinderhort umfunktioniert. Eine gute Gelegenheit, die Einrichtung auf Kindertauglichkeit zu testen. Ich w\u00fcrde sagen &#8211; es gibt noch viel zu tun bzw. wegzur\u00e4umen \ud83d\ude42<\/p>\n","protected":false},"excerpt":{"rendered":"<p>Es ist ja \u00fcblich, dass junge M\u00fctter sich zu Krabbelgruppen zusammenschlie\u00dfen, aber zu Fr\u00fchst\u00fccksgruppen ??? Jedenfalls kommt es mir so vor. Nachdem Chrissi die letzten Wochen regelm\u00e4\u00dfig bei einer ihrer Freundinnen eingeladen war, traf sich der ganze Trupp heute im Hause Pressler. Kurzfristig wurde das Wohnzimmer in einen Kinderhort umfunktioniert. Eine gute Gelegenheit, die Einrichtung &hellip; <\/p>\n<p class=\"link-more\"><a href=\"https:\/\/blog.pressler-online.de\/?p=754\" class=\"more-link\"><span class=\"screen-reader-text\">\u201eFr\u00fchst\u00fccksgruppe\u201c <\/span>weiterlesen<\/a><\/p>\n","protected":false},"author":5,"featured_media":3093,"comment_status":"open","ping_status":"open","sticky":false,"template":"","format":"standard","meta":{"footnotes":""},"categories":[1],"tags":[],"class_list":["post-754","post","type-post","status-publish","format-standard","has-post-thumbnail","hentry","category-allgemein"],"_links":{"self":[{"href":"https:\/\/blog.pressler-online.de\/index.php?rest_route=\/wp\/v2\/posts\/754","targetHints":{"allow":["GET"]}}],"collection":[{"href":"https:\/\/blog.pressler-online.de\/index.php?rest_route=\/wp\/v2\/posts"}],"about":[{"href":"https:\/\/blog.pressler-online.de\/index.php?rest_route=\/wp\/v2\/types\/post"}],"author":[{"embeddable":true,"href":"https:\/\/blog.pressler-online.de\/index.php?rest_route=\/wp\/v2\/users\/5"}],"replies":[{"embeddable":true,"href":"https:\/\/blog.pressler-online.de\/index.php?rest_route=%2Fwp%2Fv2%2Fcomments&post=754"}],"version-history":[{"count":1,"href":"https:\/\/blog.pressler-online.de\/index.php?rest_route=\/wp\/v2\/posts\/754\/revisions"}],"predecessor-version":[{"id":3121,"href":"https:\/\/blog.pressler-online.de\/index.php?rest_route=\/wp\/v2\/posts\/754\/revisions\/3121"}],"wp:featuredmedia":[{"embeddable":true,"href":"https:\/\/blog.pressler-online.de\/index.php?rest_route=\/wp\/v2\/media\/3093"}],"wp:attachment":[{"href":"https:\/\/blog.pressler-online.de\/index.php?rest_route=%2Fwp%2Fv2%2Fmedia&parent=754"}],"wp:term":[{"taxonomy":"category","embeddable":true,"href":"https:\/\/blog.pressler-online.de\/index.php?rest_route=%2Fwp%2Fv2%2Fcategories&post=754"},{"taxonomy":"post_tag","embeddable":true,"href":"https:\/\/blog.pressler-online.de\/index.php?rest_route=%2Fwp%2Fv2%2Ftags&post=754"}],"curies":[{"name":"wp","href":"https:\/\/api.w.org\/{rel}","templated":true}]}}