{"id":750,"date":"2006-08-23T11:18:00","date_gmt":"2006-08-23T09:18:00","guid":{"rendered":"https:\/\/blog.pressler-online.de\/?p=750"},"modified":"2020-05-25T17:56:39","modified_gmt":"2020-05-25T15:56:39","slug":"krafttraining","status":"publish","type":"post","link":"https:\/\/blog.pressler-online.de\/?p=750","title":{"rendered":"Krafttraining"},"content":{"rendered":"<p><a href=\"https:\/\/blog.pressler-online.de\/wp-content\/uploads\/20060823-img_0885.jpg\" rel=\"lightbox[750]\"><img loading=\"lazy\" decoding=\"async\" class=\"alignleft wp-image-3098 size-medium\" src=\"https:\/\/blog.pressler-online.de\/wp-content\/uploads\/20060823-img_0885-300x225.jpg\" alt=\"\" width=\"300\" height=\"225\" srcset=\"https:\/\/blog.pressler-online.de\/wp-content\/uploads\/20060823-img_0885-300x225.jpg 300w, https:\/\/blog.pressler-online.de\/wp-content\/uploads\/20060823-img_0885-940x705.jpg 940w, https:\/\/blog.pressler-online.de\/wp-content\/uploads\/20060823-img_0885.jpg 1024w\" sizes=\"auto, (max-width: 300px) 100vw, 300px\" \/><\/a>Wer sich irgendwann einmal von der Bauchlage in die R\u00fcckenlage drehen m\u00f6chte (oder umgekehrt) mu\u00df regelm\u00e4\u00dfig zum Krafttraining. So auch unser Philipp. F\u00f6rderlich an der Aktion ist, dass Philipp die Bauchlage eigentlich \u00fcberhaupt nicht mag weil er a) au\u00dfer der Wickeldecke nicht viel sieht und b) mit der Nase in seiner ausgespuckten Milch liegt *g*<br \/>\nBevor uns jemand jetzt das Jugendamt auf den Hals hetzt: Die Milchspucke wischen wir nat\u00fcrlich sofort weg und nat\u00fcrlich leisten wir im bei seinen &#8222;Liegest\u00fctz-Versuchen Unterst\u00fctzung :-))))<br \/>\nF\u00fcr sein Alter macht er das sogar schon recht ordentlich wie man auf dem Foto sehen kann.<\/p>\n<div style=\"text-align: left;\"><\/div>\n","protected":false},"excerpt":{"rendered":"<p>Wer sich irgendwann einmal von der Bauchlage in die R\u00fcckenlage drehen m\u00f6chte (oder umgekehrt) mu\u00df regelm\u00e4\u00dfig zum Krafttraining. So auch unser Philipp. F\u00f6rderlich an der Aktion ist, dass Philipp die Bauchlage eigentlich \u00fcberhaupt nicht mag weil er a) au\u00dfer der Wickeldecke nicht viel sieht und b) mit der Nase in seiner ausgespuckten Milch liegt *g* &hellip; <\/p>\n<p class=\"link-more\"><a href=\"https:\/\/blog.pressler-online.de\/?p=750\" class=\"more-link\"><span class=\"screen-reader-text\">\u201eKrafttraining\u201c <\/span>weiterlesen<\/a><\/p>\n","protected":false},"author":5,"featured_media":3098,"comment_status":"open","ping_status":"open","sticky":false,"template":"","format":"standard","meta":{"footnotes":""},"categories":[1],"tags":[],"class_list":["post-750","post","type-post","status-publish","format-standard","has-post-thumbnail","hentry","category-allgemein"],"_links":{"self":[{"href":"https:\/\/blog.pressler-online.de\/index.php?rest_route=\/wp\/v2\/posts\/750","targetHints":{"allow":["GET"]}}],"collection":[{"href":"https:\/\/blog.pressler-online.de\/index.php?rest_route=\/wp\/v2\/posts"}],"about":[{"href":"https:\/\/blog.pressler-online.de\/index.php?rest_route=\/wp\/v2\/types\/post"}],"author":[{"embeddable":true,"href":"https:\/\/blog.pressler-online.de\/index.php?rest_route=\/wp\/v2\/users\/5"}],"replies":[{"embeddable":true,"href":"https:\/\/blog.pressler-online.de\/index.php?rest_route=%2Fwp%2Fv2%2Fcomments&post=750"}],"version-history":[{"count":2,"href":"https:\/\/blog.pressler-online.de\/index.php?rest_route=\/wp\/v2\/posts\/750\/revisions"}],"predecessor-version":[{"id":3129,"href":"https:\/\/blog.pressler-online.de\/index.php?rest_route=\/wp\/v2\/posts\/750\/revisions\/3129"}],"wp:featuredmedia":[{"embeddable":true,"href":"https:\/\/blog.pressler-online.de\/index.php?rest_route=\/wp\/v2\/media\/3098"}],"wp:attachment":[{"href":"https:\/\/blog.pressler-online.de\/index.php?rest_route=%2Fwp%2Fv2%2Fmedia&parent=750"}],"wp:term":[{"taxonomy":"category","embeddable":true,"href":"https:\/\/blog.pressler-online.de\/index.php?rest_route=%2Fwp%2Fv2%2Fcategories&post=750"},{"taxonomy":"post_tag","embeddable":true,"href":"https:\/\/blog.pressler-online.de\/index.php?rest_route=%2Fwp%2Fv2%2Ftags&post=750"}],"curies":[{"name":"wp","href":"https:\/\/api.w.org\/{rel}","templated":true}]}}