{"id":747,"date":"2006-08-27T12:36:00","date_gmt":"2006-08-27T10:36:00","guid":{"rendered":"https:\/\/blog.pressler-online.de\/?p=747"},"modified":"2026-02-24T23:46:53","modified_gmt":"2026-02-24T22:46:53","slug":"kultur-pur","status":"publish","type":"post","link":"https:\/\/blog.pressler-online.de\/?p=747","title":{"rendered":"Kultur pur"},"content":{"rendered":"<div class=\"wp-block-image\">\n<figure class=\"alignleft\"><a href=\"https:\/\/blog.pressler-online.de\/wp-content\/uploads\/20060827-img_0977.jpg\" rel=\"lightbox[747]\"><img loading=\"lazy\" decoding=\"async\" width=\"225\" height=\"300\" src=\"https:\/\/blog.pressler-online.de\/wp-content\/uploads\/20060827-img_0977-225x300.jpg\" alt=\"\" class=\"wp-image-3105\" srcset=\"https:\/\/blog.pressler-online.de\/wp-content\/uploads\/20060827-img_0977-225x300.jpg 225w, https:\/\/blog.pressler-online.de\/wp-content\/uploads\/20060827-img_0977.jpg 768w\" sizes=\"auto, (max-width: 225px) 100vw, 225px\" \/><\/a><\/figure>\n<\/div>\n\n\n<p>Wie jedes Jahr findet am letzten Wochenende im August in Erbach die traditionelle Giggels-Kerwe statt. F\u00fcr mich ist es nun schon das Dritte Mal dass ich diesem Kulturspektakel beiwohnen darf. Letztes Jahr um diese Zeit wu\u00dften wir noch nicht, dass wir dieses Jahr zu Dritt die Kerwe feiern werden. Um so sch\u00f6ner war es da nat\u00fcrlich, dass eine sichtlich stolze Mutter Philipp in ihrem Heimatort vorstellen durfte.<br>\nUm 14 Uhr startete dann der traditionelle Kerwe-Umzug durch den Ort. F\u00fcr den gemeinen Mittelhesse der das Kirchweihfest (um Kerwe mal ins Hochdeutsche zu \u00fcbersetzen) in seiner Heimat etwas anders zu feiern pflegt immer wieder ein Ereignis. Erinnert der Umzug mit seinen verkleideten Teilnehmern, Konzeptwagen, Kerwe-Pfarrer und sein Mundschenk, Kerwe-Brautpaar, Kerwe-Ausgr\u00e4ber, etc. doch mehr an einen Faschingsumzug. Die Abschlie\u00dfende Kerwe Red in der die Mi\u00dfgeschicke der Erb\u00e4cher aus dem vergangenen Jahr einem breiten Publikum pr\u00e4sentiert werden, ist auf alle F\u00e4lle ein Besuch wert.<\/p>\n","protected":false},"excerpt":{"rendered":"<p>Wie jedes Jahr findet am letzten Wochenende im August in Erbach die traditionelle Giggels-Kerwe statt. F\u00fcr mich ist es nun schon das Dritte Mal dass ich diesem Kulturspektakel beiwohnen darf. Letztes Jahr um diese Zeit wu\u00dften wir noch nicht, dass wir dieses Jahr zu Dritt die Kerwe feiern werden. Um so sch\u00f6ner war es da &hellip; <\/p>\n<p class=\"link-more\"><a href=\"https:\/\/blog.pressler-online.de\/?p=747\" class=\"more-link\"><span class=\"screen-reader-text\">\u201eKultur pur\u201c <\/span>weiterlesen<\/a><\/p>\n","protected":false},"author":5,"featured_media":3104,"comment_status":"open","ping_status":"open","sticky":false,"template":"","format":"standard","meta":{"footnotes":""},"categories":[1],"tags":[],"class_list":["post-747","post","type-post","status-publish","format-standard","has-post-thumbnail","hentry","category-allgemein"],"_links":{"self":[{"href":"https:\/\/blog.pressler-online.de\/index.php?rest_route=\/wp\/v2\/posts\/747","targetHints":{"allow":["GET"]}}],"collection":[{"href":"https:\/\/blog.pressler-online.de\/index.php?rest_route=\/wp\/v2\/posts"}],"about":[{"href":"https:\/\/blog.pressler-online.de\/index.php?rest_route=\/wp\/v2\/types\/post"}],"author":[{"embeddable":true,"href":"https:\/\/blog.pressler-online.de\/index.php?rest_route=\/wp\/v2\/users\/5"}],"replies":[{"embeddable":true,"href":"https:\/\/blog.pressler-online.de\/index.php?rest_route=%2Fwp%2Fv2%2Fcomments&post=747"}],"version-history":[{"count":2,"href":"https:\/\/blog.pressler-online.de\/index.php?rest_route=\/wp\/v2\/posts\/747\/revisions"}],"predecessor-version":[{"id":3209,"href":"https:\/\/blog.pressler-online.de\/index.php?rest_route=\/wp\/v2\/posts\/747\/revisions\/3209"}],"wp:featuredmedia":[{"embeddable":true,"href":"https:\/\/blog.pressler-online.de\/index.php?rest_route=\/wp\/v2\/media\/3104"}],"wp:attachment":[{"href":"https:\/\/blog.pressler-online.de\/index.php?rest_route=%2Fwp%2Fv2%2Fmedia&parent=747"}],"wp:term":[{"taxonomy":"category","embeddable":true,"href":"https:\/\/blog.pressler-online.de\/index.php?rest_route=%2Fwp%2Fv2%2Fcategories&post=747"},{"taxonomy":"post_tag","embeddable":true,"href":"https:\/\/blog.pressler-online.de\/index.php?rest_route=%2Fwp%2Fv2%2Ftags&post=747"}],"curies":[{"name":"wp","href":"https:\/\/api.w.org\/{rel}","templated":true}]}}