{"id":742,"date":"2006-09-11T23:17:00","date_gmt":"2006-09-11T21:17:00","guid":{"rendered":"https:\/\/blog.pressler-online.de\/?p=742"},"modified":"2020-05-26T10:30:05","modified_gmt":"2020-05-26T08:30:05","slug":"feiertag","status":"publish","type":"post","link":"https:\/\/blog.pressler-online.de\/?p=742","title":{"rendered":"Feiertag"},"content":{"rendered":"<p><a href=\"https:\/\/blog.pressler-online.de\/wp-content\/uploads\/20060911-img_1259.jpg\" rel=\"lightbox[742]\"><img loading=\"lazy\" decoding=\"async\" class=\"alignleft size-medium wp-image-3140\" src=\"https:\/\/blog.pressler-online.de\/wp-content\/uploads\/20060911-img_1259-225x300.jpg\" alt=\"\" width=\"225\" height=\"300\" srcset=\"https:\/\/blog.pressler-online.de\/wp-content\/uploads\/20060911-img_1259-225x300.jpg 225w, https:\/\/blog.pressler-online.de\/wp-content\/uploads\/20060911-img_1259.jpg 768w\" sizes=\"auto, (max-width: 225px) 100vw, 225px\" \/><\/a>Jedes Jahr am zweiten Wochenende im September ereignen sich in Lindenholzhausen gar merkw\u00fcrdige Dinge. Da laufen junge Burschen in hohen mit bunten Blumen geschm\u00fcckten H\u00fcten durch den Ort, schwingen Fahnen und haben einen Hammel dabei. Kurz &#8211; es ist Kirmes. Und wie in den letzten 23 Jahren zuvor, darf ich bei diesem hohen Feiertag nicht fehlen.<br \/>\nNoch verwunderlicher wird das ganze dann am (Kirmes)Montag. Selbst Leute die man das ganze Jahr nur mit Anzug und Krawatte sieht, zw\u00e4ngen sich in einheitliche T-Shirts mit Aufdruck ihres Jahrgangs, st\u00fcrmen fr\u00fch am Morgen ihre Stammkneipe und geben sich auch den restlichen Tag recht merkw\u00fcrdig.<br \/>\nDie Gelegenheit Philipp etwas heimatliche Kultur nahe zubringen &#8211; warum er seinen Papa aber so verst\u00e4ndnislos angeschaut hat weis ich jetzt auch nicht mehr *prost*<\/p>\n","protected":false},"excerpt":{"rendered":"<p>Jedes Jahr am zweiten Wochenende im September ereignen sich in Lindenholzhausen gar merkw\u00fcrdige Dinge. Da laufen junge Burschen in hohen mit bunten Blumen geschm\u00fcckten H\u00fcten durch den Ort, schwingen Fahnen und haben einen Hammel dabei. Kurz &#8211; es ist Kirmes. Und wie in den letzten 23 Jahren zuvor, darf ich bei diesem hohen Feiertag nicht &hellip; <\/p>\n<p class=\"link-more\"><a href=\"https:\/\/blog.pressler-online.de\/?p=742\" class=\"more-link\"><span class=\"screen-reader-text\">\u201eFeiertag\u201c <\/span>weiterlesen<\/a><\/p>\n","protected":false},"author":5,"featured_media":3141,"comment_status":"open","ping_status":"open","sticky":false,"template":"","format":"standard","meta":{"footnotes":""},"categories":[1],"tags":[],"class_list":["post-742","post","type-post","status-publish","format-standard","has-post-thumbnail","hentry","category-allgemein"],"_links":{"self":[{"href":"https:\/\/blog.pressler-online.de\/index.php?rest_route=\/wp\/v2\/posts\/742","targetHints":{"allow":["GET"]}}],"collection":[{"href":"https:\/\/blog.pressler-online.de\/index.php?rest_route=\/wp\/v2\/posts"}],"about":[{"href":"https:\/\/blog.pressler-online.de\/index.php?rest_route=\/wp\/v2\/types\/post"}],"author":[{"embeddable":true,"href":"https:\/\/blog.pressler-online.de\/index.php?rest_route=\/wp\/v2\/users\/5"}],"replies":[{"embeddable":true,"href":"https:\/\/blog.pressler-online.de\/index.php?rest_route=%2Fwp%2Fv2%2Fcomments&post=742"}],"version-history":[{"count":1,"href":"https:\/\/blog.pressler-online.de\/index.php?rest_route=\/wp\/v2\/posts\/742\/revisions"}],"predecessor-version":[{"id":3152,"href":"https:\/\/blog.pressler-online.de\/index.php?rest_route=\/wp\/v2\/posts\/742\/revisions\/3152"}],"wp:featuredmedia":[{"embeddable":true,"href":"https:\/\/blog.pressler-online.de\/index.php?rest_route=\/wp\/v2\/media\/3141"}],"wp:attachment":[{"href":"https:\/\/blog.pressler-online.de\/index.php?rest_route=%2Fwp%2Fv2%2Fmedia&parent=742"}],"wp:term":[{"taxonomy":"category","embeddable":true,"href":"https:\/\/blog.pressler-online.de\/index.php?rest_route=%2Fwp%2Fv2%2Fcategories&post=742"},{"taxonomy":"post_tag","embeddable":true,"href":"https:\/\/blog.pressler-online.de\/index.php?rest_route=%2Fwp%2Fv2%2Ftags&post=742"}],"curies":[{"name":"wp","href":"https:\/\/api.w.org\/{rel}","templated":true}]}}