{"id":741,"date":"2006-09-12T23:26:00","date_gmt":"2006-09-12T21:26:00","guid":{"rendered":"https:\/\/blog.pressler-online.de\/?p=741"},"modified":"2020-05-26T10:34:56","modified_gmt":"2020-05-26T08:34:56","slug":"deutsches-eck","status":"publish","type":"post","link":"https:\/\/blog.pressler-online.de\/?p=741","title":{"rendered":"Deutsches Eck"},"content":{"rendered":"<p><a href=\"https:\/\/blog.pressler-online.de\/wp-content\/uploads\/20060912-img_1309.jpg\" rel=\"lightbox[741]\"><img loading=\"lazy\" decoding=\"async\" class=\"alignleft size-medium wp-image-3142\" src=\"https:\/\/blog.pressler-online.de\/wp-content\/uploads\/20060912-img_1309-225x300.jpg\" alt=\"\" width=\"225\" height=\"300\" srcset=\"https:\/\/blog.pressler-online.de\/wp-content\/uploads\/20060912-img_1309-225x300.jpg 225w, https:\/\/blog.pressler-online.de\/wp-content\/uploads\/20060912-img_1309.jpg 768w\" sizes=\"auto, (max-width: 225px) 100vw, 225px\" \/><\/a>Zum Gl\u00fcck hielt sich der Kater vom Vortag in Grenzen &#8211; eigentlich war er \u00fcberhaupt nicht vorhanden (das erste Mal seit Jahren). Als Vater wird man doch wohl etwas vern\u00fcnftiger *h\u00fcstel*.<br \/>\nDas sch\u00f6ne Wetter haben wir genutzt und einen Familienausflug nach Koblenz unternommen. Mit Philipp im Kinderwagen sind wir am Rheinufer entlang bis zum &#8222;Deutschen Eck&#8220;. Bei solch sch\u00f6nen Ausblicken machte sogar die Stillpause richtig viel Spa\u00df. Anschlie\u00dfend ging es mit einem gem\u00fctlichen Altstadt-Bummel weiter. Zum Abschlu\u00df haben wir noch die imposante Befestingungsanlage &#8222;Ehrenbreitstein&#8220; besichtigt. Die gr\u00f6\u00dfte und besterhaltenste Anlage dieser Art in Europa. Auf alle F\u00e4lle ein Besuch wert &#8211; schon allein wegen der grandiosen Aussicht auf Koblenz, das Deutsche Eck (siehe Foto).<\/p>\n","protected":false},"excerpt":{"rendered":"<p>Zum Gl\u00fcck hielt sich der Kater vom Vortag in Grenzen &#8211; eigentlich war er \u00fcberhaupt nicht vorhanden (das erste Mal seit Jahren). Als Vater wird man doch wohl etwas vern\u00fcnftiger *h\u00fcstel*. Das sch\u00f6ne Wetter haben wir genutzt und einen Familienausflug nach Koblenz unternommen. Mit Philipp im Kinderwagen sind wir am Rheinufer entlang bis zum &#8222;Deutschen &hellip; <\/p>\n<p class=\"link-more\"><a href=\"https:\/\/blog.pressler-online.de\/?p=741\" class=\"more-link\"><span class=\"screen-reader-text\">\u201eDeutsches Eck\u201c <\/span>weiterlesen<\/a><\/p>\n","protected":false},"author":5,"featured_media":3143,"comment_status":"open","ping_status":"open","sticky":false,"template":"","format":"standard","meta":{"footnotes":""},"categories":[1],"tags":[],"class_list":["post-741","post","type-post","status-publish","format-standard","has-post-thumbnail","hentry","category-allgemein"],"_links":{"self":[{"href":"https:\/\/blog.pressler-online.de\/index.php?rest_route=\/wp\/v2\/posts\/741","targetHints":{"allow":["GET"]}}],"collection":[{"href":"https:\/\/blog.pressler-online.de\/index.php?rest_route=\/wp\/v2\/posts"}],"about":[{"href":"https:\/\/blog.pressler-online.de\/index.php?rest_route=\/wp\/v2\/types\/post"}],"author":[{"embeddable":true,"href":"https:\/\/blog.pressler-online.de\/index.php?rest_route=\/wp\/v2\/users\/5"}],"replies":[{"embeddable":true,"href":"https:\/\/blog.pressler-online.de\/index.php?rest_route=%2Fwp%2Fv2%2Fcomments&post=741"}],"version-history":[{"count":1,"href":"https:\/\/blog.pressler-online.de\/index.php?rest_route=\/wp\/v2\/posts\/741\/revisions"}],"predecessor-version":[{"id":3153,"href":"https:\/\/blog.pressler-online.de\/index.php?rest_route=\/wp\/v2\/posts\/741\/revisions\/3153"}],"wp:featuredmedia":[{"embeddable":true,"href":"https:\/\/blog.pressler-online.de\/index.php?rest_route=\/wp\/v2\/media\/3143"}],"wp:attachment":[{"href":"https:\/\/blog.pressler-online.de\/index.php?rest_route=%2Fwp%2Fv2%2Fmedia&parent=741"}],"wp:term":[{"taxonomy":"category","embeddable":true,"href":"https:\/\/blog.pressler-online.de\/index.php?rest_route=%2Fwp%2Fv2%2Fcategories&post=741"},{"taxonomy":"post_tag","embeddable":true,"href":"https:\/\/blog.pressler-online.de\/index.php?rest_route=%2Fwp%2Fv2%2Ftags&post=741"}],"curies":[{"name":"wp","href":"https:\/\/api.w.org\/{rel}","templated":true}]}}