{"id":739,"date":"2006-09-23T00:24:00","date_gmt":"2006-09-22T22:24:00","guid":{"rendered":"https:\/\/blog.pressler-online.de\/?p=739"},"modified":"2020-05-26T10:42:06","modified_gmt":"2020-05-26T08:42:06","slug":"papa-allein-zuhaus","status":"publish","type":"post","link":"https:\/\/blog.pressler-online.de\/?p=739","title":{"rendered":"Papa allein Zuhaus"},"content":{"rendered":"<p><a href=\"https:\/\/blog.pressler-online.de\/wp-content\/uploads\/20060922-img_1361.jpg\" rel=\"lightbox[739]\"><img loading=\"lazy\" decoding=\"async\" class=\"alignleft size-medium wp-image-3144\" src=\"https:\/\/blog.pressler-online.de\/wp-content\/uploads\/20060922-img_1361-300x225.jpg\" alt=\"\" width=\"300\" height=\"225\" srcset=\"https:\/\/blog.pressler-online.de\/wp-content\/uploads\/20060922-img_1361-300x225.jpg 300w, https:\/\/blog.pressler-online.de\/wp-content\/uploads\/20060922-img_1361-940x705.jpg 940w, https:\/\/blog.pressler-online.de\/wp-content\/uploads\/20060922-img_1361.jpg 1024w\" sizes=\"auto, (max-width: 300px) 100vw, 300px\" \/><\/a>So ruhig im Haus. Chrissi und Philipp sind gestern mit Sybille, Moni und Sabine \u00fcber das Wochenende nach Freiburg gefahren. Nach \u00fcber 3 Monaten habe ich mal wieder Zeit nur f\u00fcr mich. Der Sp\u00e4tsommer zeigt sich von seiner besten Seite und ich nutze die Zeit mal wieder f\u00fcr ausgiebige Mountainbike Touren. Aber so richtig Freude will nicht aufkommen &#8211; meine zwei Goldst\u00fccke fehlen mir doch schon sehr.<br \/>\nDas Wochenende in Freiburg war sogar f\u00fcr die Mama erholsam, da sie ja 3 erfahrene M\u00fctter dabeihatte und sich Philipp von seiner besten Seite zeigte. Ein braver Bursche. Trotz eines anderen Schlafgemaches schl\u00e4ft er durch und ist auch morgens quietschfidel aufgewacht ohne zu schreien und hat die Mamis weiterschlafen lassen. Das haben sie sich ja auch redlich verdient.<br \/>\nUnd sch\u00f6nes Wetter hatten wir noch dazu &#8211; wenn Engel reisen \ud83d\ude09<\/p>\n","protected":false},"excerpt":{"rendered":"<p>So ruhig im Haus. Chrissi und Philipp sind gestern mit Sybille, Moni und Sabine \u00fcber das Wochenende nach Freiburg gefahren. Nach \u00fcber 3 Monaten habe ich mal wieder Zeit nur f\u00fcr mich. Der Sp\u00e4tsommer zeigt sich von seiner besten Seite und ich nutze die Zeit mal wieder f\u00fcr ausgiebige Mountainbike Touren. Aber so richtig Freude &hellip; <\/p>\n<p class=\"link-more\"><a href=\"https:\/\/blog.pressler-online.de\/?p=739\" class=\"more-link\"><span class=\"screen-reader-text\">\u201ePapa allein Zuhaus\u201c <\/span>weiterlesen<\/a><\/p>\n","protected":false},"author":5,"featured_media":3145,"comment_status":"open","ping_status":"open","sticky":false,"template":"","format":"standard","meta":{"footnotes":""},"categories":[1],"tags":[],"class_list":["post-739","post","type-post","status-publish","format-standard","has-post-thumbnail","hentry","category-allgemein"],"_links":{"self":[{"href":"https:\/\/blog.pressler-online.de\/index.php?rest_route=\/wp\/v2\/posts\/739","targetHints":{"allow":["GET"]}}],"collection":[{"href":"https:\/\/blog.pressler-online.de\/index.php?rest_route=\/wp\/v2\/posts"}],"about":[{"href":"https:\/\/blog.pressler-online.de\/index.php?rest_route=\/wp\/v2\/types\/post"}],"author":[{"embeddable":true,"href":"https:\/\/blog.pressler-online.de\/index.php?rest_route=\/wp\/v2\/users\/5"}],"replies":[{"embeddable":true,"href":"https:\/\/blog.pressler-online.de\/index.php?rest_route=%2Fwp%2Fv2%2Fcomments&post=739"}],"version-history":[{"count":2,"href":"https:\/\/blog.pressler-online.de\/index.php?rest_route=\/wp\/v2\/posts\/739\/revisions"}],"predecessor-version":[{"id":3159,"href":"https:\/\/blog.pressler-online.de\/index.php?rest_route=\/wp\/v2\/posts\/739\/revisions\/3159"}],"wp:featuredmedia":[{"embeddable":true,"href":"https:\/\/blog.pressler-online.de\/index.php?rest_route=\/wp\/v2\/media\/3145"}],"wp:attachment":[{"href":"https:\/\/blog.pressler-online.de\/index.php?rest_route=%2Fwp%2Fv2%2Fmedia&parent=739"}],"wp:term":[{"taxonomy":"category","embeddable":true,"href":"https:\/\/blog.pressler-online.de\/index.php?rest_route=%2Fwp%2Fv2%2Fcategories&post=739"},{"taxonomy":"post_tag","embeddable":true,"href":"https:\/\/blog.pressler-online.de\/index.php?rest_route=%2Fwp%2Fv2%2Ftags&post=739"}],"curies":[{"name":"wp","href":"https:\/\/api.w.org\/{rel}","templated":true}]}}