{"id":694,"date":"2007-01-07T21:55:00","date_gmt":"2007-01-07T19:55:00","guid":{"rendered":"https:\/\/blog.pressler-online.de\/?p=694"},"modified":"2007-01-07T21:55:00","modified_gmt":"2007-01-07T19:55:00","slug":"morf-winterwanderung","status":"publish","type":"post","link":"https:\/\/blog.pressler-online.de\/?p=694","title":{"rendered":"MORF Winterwanderung"},"content":{"rendered":"<p><a href=\"http:\/\/2.bp.blogspot.com\/_3a70w9LK0qs\/Ra5_sNLlD4I\/AAAAAAAAACM\/m1e1SmXgYxE\/s1600-h\/Conny+%2B+Thomas.jpg\" rel=\"lightbox[694]\"><img decoding=\"async\" style=\"margin: 0px auto 10px; display: block; text-align: center; cursor: pointer;\" src=\"http:\/\/2.bp.blogspot.com\/_3a70w9LK0qs\/Ra5_sNLlD4I\/AAAAAAAAACM\/m1e1SmXgYxE\/s400\/Conny+%2B+Thomas.jpg\" alt=\"\" id=\"BLOGGER_PHOTO_ID_5021091031993880450\" border=\"0\" \/><\/a>Heute war Winterwanderung, die ja eigentlich eher herbstliche Temperaturen aufwies. Auf dem Bild sieht man Conny und Thomas, die die herrliche Route geplant haben (und die zuk\u00fcnftigen Babysitter f\u00fcr Philipp) und es hat richtig Spa\u00df gemacht 2,5 Stunden zu wandern (nat\u00fcrlich nicht ohne ein P\u00e4uschen einzulegen). War der Sekt mal lecker hmmmmmm \ud83d\ude09  Unser Philipp war sowas von brav &#8211; erst hat er geschlafen und die letzte Stunde der Wanderung lag er wach im Wagen und hat sich von fast jedem mal schieben lassen. Vielleicht wei\u00df er doch zu sch\u00e4tzen, wie gut und bequem er es doch hat.<\/p>\n","protected":false},"excerpt":{"rendered":"<p>Heute war Winterwanderung, die ja eigentlich eher herbstliche Temperaturen aufwies. Auf dem Bild sieht man Conny und Thomas, die die herrliche Route geplant haben (und die zuk\u00fcnftigen Babysitter f\u00fcr Philipp) und es hat richtig Spa\u00df gemacht 2,5 Stunden zu wandern (nat\u00fcrlich nicht ohne ein P\u00e4uschen einzulegen). War der Sekt mal lecker hmmmmmm \ud83d\ude09 Unser Philipp &hellip; <\/p>\n<p class=\"link-more\"><a href=\"https:\/\/blog.pressler-online.de\/?p=694\" class=\"more-link\"><span class=\"screen-reader-text\">\u201eMORF Winterwanderung\u201c <\/span>weiterlesen<\/a><\/p>\n","protected":false},"author":2,"featured_media":0,"comment_status":"open","ping_status":"open","sticky":false,"template":"","format":"standard","meta":{"footnotes":""},"categories":[1],"tags":[],"class_list":["post-694","post","type-post","status-publish","format-standard","hentry","category-allgemein"],"_links":{"self":[{"href":"https:\/\/blog.pressler-online.de\/index.php?rest_route=\/wp\/v2\/posts\/694","targetHints":{"allow":["GET"]}}],"collection":[{"href":"https:\/\/blog.pressler-online.de\/index.php?rest_route=\/wp\/v2\/posts"}],"about":[{"href":"https:\/\/blog.pressler-online.de\/index.php?rest_route=\/wp\/v2\/types\/post"}],"author":[{"embeddable":true,"href":"https:\/\/blog.pressler-online.de\/index.php?rest_route=\/wp\/v2\/users\/2"}],"replies":[{"embeddable":true,"href":"https:\/\/blog.pressler-online.de\/index.php?rest_route=%2Fwp%2Fv2%2Fcomments&post=694"}],"version-history":[{"count":0,"href":"https:\/\/blog.pressler-online.de\/index.php?rest_route=\/wp\/v2\/posts\/694\/revisions"}],"wp:attachment":[{"href":"https:\/\/blog.pressler-online.de\/index.php?rest_route=%2Fwp%2Fv2%2Fmedia&parent=694"}],"wp:term":[{"taxonomy":"category","embeddable":true,"href":"https:\/\/blog.pressler-online.de\/index.php?rest_route=%2Fwp%2Fv2%2Fcategories&post=694"},{"taxonomy":"post_tag","embeddable":true,"href":"https:\/\/blog.pressler-online.de\/index.php?rest_route=%2Fwp%2Fv2%2Ftags&post=694"}],"curies":[{"name":"wp","href":"https:\/\/api.w.org\/{rel}","templated":true}]}}