{"id":611,"date":"2007-06-10T18:46:00","date_gmt":"2007-06-10T16:46:00","guid":{"rendered":"https:\/\/blog.pressler-online.de\/?p=611"},"modified":"2007-06-10T18:46:00","modified_gmt":"2007-06-10T16:46:00","slug":"rheinsteig-die-zweite","status":"publish","type":"post","link":"https:\/\/blog.pressler-online.de\/?p=611","title":{"rendered":"Rheinsteig die Zweite"},"content":{"rendered":"<p><a href=\"http:\/\/3.bp.blogspot.com\/_3VqAobEJM-A\/RoFC8To-QLI\/AAAAAAAAAFo\/CALrVXKrqnw\/s1600-h\/Rheinsteig2.jpg\" rel=\"lightbox[611]\"><img decoding=\"async\" style=\"margin: 0px auto 10px; display: block; text-align: center; cursor: pointer;\" src=\"http:\/\/3.bp.blogspot.com\/_3VqAobEJM-A\/RoFC8To-QLI\/AAAAAAAAAFo\/CALrVXKrqnw\/s400\/Rheinsteig2.jpg\" alt=\"\" id=\"BLOGGER_PHOTO_ID_5080415458482340018\" border=\"0\" \/><\/a>Die letzte Etappe f\u00fchrte uns heute von Braubach bis nach Lahnstein. Wie sollte es anders sein, ging es gleich zu Anfang wieder ziemlich bergauf. Man muss wirklich nicht in die Alpen oder ins Allg\u00e4u fahren, wenn man sich Berge hochqu\u00e4len m\u00f6chte. Die Strecke f\u00fchrte heute \u00fcber Wald- und Feldwege bis an die Lahn kurz vor ihrer M\u00fcndung in den Rhein bei Lahnstein. Da es noch fr\u00fch am Nachmittag war, beschlossen wir noch die Schleife durch die Ruppertsklamm anzuh\u00e4ngen. Der anspruchvollste aber auch sch\u00f6nste Abschnitt der letzten beiden Tage. Nach knapp 45 Minuten hatten wir die Klamm durchklettert und wir konnten den Abstieg Richtung Lahnstein in Angriff nehmen wo wir uns in Maximilians Brauwiesen mit einem k\u00fchlen Getr\u00e4nk und einem deftigen Essen belohnten.<br \/>F\u00fcr Philipp war das alles ein riesiges Abenteuer und er wusste \u00fcberhaupt nicht mehr so richtig wo er zuerst hinschauen, beobachten und hinzeigen sollte. Entsprechend m\u00fcde war er dann auch und wir traten spontan die Heimreise an.<br \/>Es war auf jeden Fall nicht die letzte Tour am Rheinsteig mit dieser Super-Truppe!<\/p>\n","protected":false},"excerpt":{"rendered":"<p>Die letzte Etappe f\u00fchrte uns heute von Braubach bis nach Lahnstein. Wie sollte es anders sein, ging es gleich zu Anfang wieder ziemlich bergauf. Man muss wirklich nicht in die Alpen oder ins Allg\u00e4u fahren, wenn man sich Berge hochqu\u00e4len m\u00f6chte. Die Strecke f\u00fchrte heute \u00fcber Wald- und Feldwege bis an die Lahn kurz vor &hellip; <\/p>\n<p class=\"link-more\"><a href=\"https:\/\/blog.pressler-online.de\/?p=611\" class=\"more-link\"><span class=\"screen-reader-text\">\u201eRheinsteig die Zweite\u201c <\/span>weiterlesen<\/a><\/p>\n","protected":false},"author":5,"featured_media":0,"comment_status":"open","ping_status":"open","sticky":false,"template":"","format":"standard","meta":{"footnotes":""},"categories":[1],"tags":[],"class_list":["post-611","post","type-post","status-publish","format-standard","hentry","category-allgemein"],"_links":{"self":[{"href":"https:\/\/blog.pressler-online.de\/index.php?rest_route=\/wp\/v2\/posts\/611","targetHints":{"allow":["GET"]}}],"collection":[{"href":"https:\/\/blog.pressler-online.de\/index.php?rest_route=\/wp\/v2\/posts"}],"about":[{"href":"https:\/\/blog.pressler-online.de\/index.php?rest_route=\/wp\/v2\/types\/post"}],"author":[{"embeddable":true,"href":"https:\/\/blog.pressler-online.de\/index.php?rest_route=\/wp\/v2\/users\/5"}],"replies":[{"embeddable":true,"href":"https:\/\/blog.pressler-online.de\/index.php?rest_route=%2Fwp%2Fv2%2Fcomments&post=611"}],"version-history":[{"count":0,"href":"https:\/\/blog.pressler-online.de\/index.php?rest_route=\/wp\/v2\/posts\/611\/revisions"}],"wp:attachment":[{"href":"https:\/\/blog.pressler-online.de\/index.php?rest_route=%2Fwp%2Fv2%2Fmedia&parent=611"}],"wp:term":[{"taxonomy":"category","embeddable":true,"href":"https:\/\/blog.pressler-online.de\/index.php?rest_route=%2Fwp%2Fv2%2Fcategories&post=611"},{"taxonomy":"post_tag","embeddable":true,"href":"https:\/\/blog.pressler-online.de\/index.php?rest_route=%2Fwp%2Fv2%2Ftags&post=611"}],"curies":[{"name":"wp","href":"https:\/\/api.w.org\/{rel}","templated":true}]}}