{"id":602,"date":"2007-06-22T22:59:00","date_gmt":"2007-06-22T20:59:00","guid":{"rendered":"https:\/\/blog.pressler-online.de\/?p=602"},"modified":"2007-06-22T22:59:00","modified_gmt":"2007-06-22T20:59:00","slug":"wanderung-nach-travemunde","status":"publish","type":"post","link":"https:\/\/blog.pressler-online.de\/?p=602","title":{"rendered":"Wanderung nach Travem\u00fcnde"},"content":{"rendered":"<p><a href=\"http:\/\/3.bp.blogspot.com\/_3a70w9LK0qs\/RolnVaA2FDI\/AAAAAAAAAOw\/O6YZnLy48mc\/s1600-h\/Wanderung+nach+Travem\u00fcnde.jpg\" rel=\"lightbox[602]\"><img decoding=\"async\" style=\"margin: 0px auto 10px; display: block; text-align: center; cursor: pointer;\" src=\"http:\/\/3.bp.blogspot.com\/_3a70w9LK0qs\/RolnVaA2FDI\/AAAAAAAAAOw\/O6YZnLy48mc\/s400\/Wanderung+nach+Travem\u00fcnde.jpg\" alt=\"\" id=\"BLOGGER_PHOTO_ID_5082707271922095154\" border=\"0\" \/><\/a>Heute sollte das Wetter nicht so strandtauglich werden und so beschlossen wir, ein wenig der Steilk\u00fcste entlang Richtung Travem\u00fcnde zu laufen. Geplant war eigentlich nur knapp die H\u00e4lfte der Strecke zu einem Restaurant zu wandern, dort zu Essen und wieder zur\u00fcckzuwandern. Da der Weg und seine Ausblicke so sch\u00f6n und Philipp es scheinbar ebenfalls genoss, standen wir nach knapp zwei Stunden am Strand von Travem\u00fcnde. Nach einem \u00fcppigen Mittagessen bummelten wir noch etwas durch Travem\u00fcnde und an der Strandpromenade entlang, wobei Philipp mit seinen kurzen Beinen das Tempo vorgab und wir durch seine freundlichen Art mit vielen Leuten ins Gespr\u00e4ch kamen.<\/p>\n","protected":false},"excerpt":{"rendered":"<p>Heute sollte das Wetter nicht so strandtauglich werden und so beschlossen wir, ein wenig der Steilk\u00fcste entlang Richtung Travem\u00fcnde zu laufen. Geplant war eigentlich nur knapp die H\u00e4lfte der Strecke zu einem Restaurant zu wandern, dort zu Essen und wieder zur\u00fcckzuwandern. Da der Weg und seine Ausblicke so sch\u00f6n und Philipp es scheinbar ebenfalls genoss, &hellip; <\/p>\n<p class=\"link-more\"><a href=\"https:\/\/blog.pressler-online.de\/?p=602\" class=\"more-link\"><span class=\"screen-reader-text\">\u201eWanderung nach Travem\u00fcnde\u201c <\/span>weiterlesen<\/a><\/p>\n","protected":false},"author":2,"featured_media":0,"comment_status":"open","ping_status":"open","sticky":false,"template":"","format":"standard","meta":{"footnotes":""},"categories":[1],"tags":[],"class_list":["post-602","post","type-post","status-publish","format-standard","hentry","category-allgemein"],"_links":{"self":[{"href":"https:\/\/blog.pressler-online.de\/index.php?rest_route=\/wp\/v2\/posts\/602","targetHints":{"allow":["GET"]}}],"collection":[{"href":"https:\/\/blog.pressler-online.de\/index.php?rest_route=\/wp\/v2\/posts"}],"about":[{"href":"https:\/\/blog.pressler-online.de\/index.php?rest_route=\/wp\/v2\/types\/post"}],"author":[{"embeddable":true,"href":"https:\/\/blog.pressler-online.de\/index.php?rest_route=\/wp\/v2\/users\/2"}],"replies":[{"embeddable":true,"href":"https:\/\/blog.pressler-online.de\/index.php?rest_route=%2Fwp%2Fv2%2Fcomments&post=602"}],"version-history":[{"count":0,"href":"https:\/\/blog.pressler-online.de\/index.php?rest_route=\/wp\/v2\/posts\/602\/revisions"}],"wp:attachment":[{"href":"https:\/\/blog.pressler-online.de\/index.php?rest_route=%2Fwp%2Fv2%2Fmedia&parent=602"}],"wp:term":[{"taxonomy":"category","embeddable":true,"href":"https:\/\/blog.pressler-online.de\/index.php?rest_route=%2Fwp%2Fv2%2Fcategories&post=602"},{"taxonomy":"post_tag","embeddable":true,"href":"https:\/\/blog.pressler-online.de\/index.php?rest_route=%2Fwp%2Fv2%2Ftags&post=602"}],"curies":[{"name":"wp","href":"https:\/\/api.w.org\/{rel}","templated":true}]}}