{"id":556,"date":"2007-09-10T22:53:00","date_gmt":"2007-09-10T20:53:00","guid":{"rendered":"https:\/\/blog.pressler-online.de\/?p=556"},"modified":"2007-09-10T22:53:00","modified_gmt":"2007-09-10T20:53:00","slug":"der-kirmespapa","status":"publish","type":"post","link":"https:\/\/blog.pressler-online.de\/?p=556","title":{"rendered":"Der Kirmespapa"},"content":{"rendered":"<p><a href=\"http:\/\/3.bp.blogspot.com\/_3a70w9LK0qs\/Ru7pWYH5BVI\/AAAAAAAAAVQ\/DgWHlgxmA5A\/s1600-h\/Der+Kirmespapa.jpg\" rel=\"lightbox[556]\"><img decoding=\"async\" style=\"margin: 0px auto 10px; display: block; text-align: center; cursor: pointer;\" src=\"http:\/\/3.bp.blogspot.com\/_3a70w9LK0qs\/Ru7pWYH5BVI\/AAAAAAAAAVQ\/DgWHlgxmA5A\/s400\/Der+Kirmespapa.jpg\" alt=\"\" id=\"BLOGGER_PHOTO_ID_5111279197754033490\" border=\"0\" \/><\/a>Heut war, nach Weihnachten, Papa&#8217;s h\u00f6chster Feiertag &#8211; Kirmesfr\u00fchschoppen !!!<br \/>Schon Morgens und kurz vor 10 Uhr hat er sich in sein 20 Jahre altes Kirmes-T-Shirt Gr\u00f6\u00dfe S gezw\u00e4ngt und ist in seine Stammkneipe verschwunden.<br \/>Ich bin dann mit erst einmal mit Mama zum Fr\u00fchst\u00fccken zu Verena und Luca nach Bermbach gefahren. Mit Luca l\u00e4sst sich echt gut spielen, auch wenn er mich einmal als Pferd benutzt hat. Das fand ich dann nicht mehr so doll aber ich durfte dann auch mal auf ihm &#8222;reiten&#8220;.<br \/>Am Mittag sind wir dann wieder zu Papa gefahren. Das war echt lustig. Da sind Leute mit bunten H\u00fcten und Fahnen schwenkend durch die Stra\u00dfen gezogen und haben ganz viel gesungen. Da will ich auch mal mitmachen. Aber erst muss mir Papa die ganzen Lieder<br \/>beibringen &#8211; wenn er wieder bei Stimme ist.<\/p>\n","protected":false},"excerpt":{"rendered":"<p>Heut war, nach Weihnachten, Papa&#8217;s h\u00f6chster Feiertag &#8211; Kirmesfr\u00fchschoppen !!!Schon Morgens und kurz vor 10 Uhr hat er sich in sein 20 Jahre altes Kirmes-T-Shirt Gr\u00f6\u00dfe S gezw\u00e4ngt und ist in seine Stammkneipe verschwunden.Ich bin dann mit erst einmal mit Mama zum Fr\u00fchst\u00fccken zu Verena und Luca nach Bermbach gefahren. Mit Luca l\u00e4sst sich echt &hellip; <\/p>\n<p class=\"link-more\"><a href=\"https:\/\/blog.pressler-online.de\/?p=556\" class=\"more-link\"><span class=\"screen-reader-text\">\u201eDer Kirmespapa\u201c <\/span>weiterlesen<\/a><\/p>\n","protected":false},"author":2,"featured_media":0,"comment_status":"open","ping_status":"open","sticky":false,"template":"","format":"standard","meta":{"footnotes":""},"categories":[1],"tags":[],"class_list":["post-556","post","type-post","status-publish","format-standard","hentry","category-allgemein"],"_links":{"self":[{"href":"https:\/\/blog.pressler-online.de\/index.php?rest_route=\/wp\/v2\/posts\/556","targetHints":{"allow":["GET"]}}],"collection":[{"href":"https:\/\/blog.pressler-online.de\/index.php?rest_route=\/wp\/v2\/posts"}],"about":[{"href":"https:\/\/blog.pressler-online.de\/index.php?rest_route=\/wp\/v2\/types\/post"}],"author":[{"embeddable":true,"href":"https:\/\/blog.pressler-online.de\/index.php?rest_route=\/wp\/v2\/users\/2"}],"replies":[{"embeddable":true,"href":"https:\/\/blog.pressler-online.de\/index.php?rest_route=%2Fwp%2Fv2%2Fcomments&post=556"}],"version-history":[{"count":0,"href":"https:\/\/blog.pressler-online.de\/index.php?rest_route=\/wp\/v2\/posts\/556\/revisions"}],"wp:attachment":[{"href":"https:\/\/blog.pressler-online.de\/index.php?rest_route=%2Fwp%2Fv2%2Fmedia&parent=556"}],"wp:term":[{"taxonomy":"category","embeddable":true,"href":"https:\/\/blog.pressler-online.de\/index.php?rest_route=%2Fwp%2Fv2%2Fcategories&post=556"},{"taxonomy":"post_tag","embeddable":true,"href":"https:\/\/blog.pressler-online.de\/index.php?rest_route=%2Fwp%2Fv2%2Ftags&post=556"}],"curies":[{"name":"wp","href":"https:\/\/api.w.org\/{rel}","templated":true}]}}