{"id":547,"date":"2007-09-21T21:17:00","date_gmt":"2007-09-21T19:17:00","guid":{"rendered":"https:\/\/blog.pressler-online.de\/?p=547"},"modified":"2007-09-21T21:17:00","modified_gmt":"2007-09-21T19:17:00","slug":"spaziergang-bei-schonem-herbstwetter","status":"publish","type":"post","link":"https:\/\/blog.pressler-online.de\/?p=547","title":{"rendered":"Spaziergang bei sch\u00f6nem Herbstwetter"},"content":{"rendered":"<p><a href=\"http:\/\/4.bp.blogspot.com\/_3a70w9LK0qs\/RvQZKJlFBzI\/AAAAAAAAAWI\/Kw-vGz6cl8o\/s1600-h\/Spazieren+mit+Mama.jpg\" rel=\"lightbox[547]\"><img decoding=\"async\" style=\"margin: 0px auto 10px; display: block; text-align: center; cursor: pointer;\" src=\"http:\/\/4.bp.blogspot.com\/_3a70w9LK0qs\/RvQZKJlFBzI\/AAAAAAAAAWI\/Kw-vGz6cl8o\/s400\/Spazieren+mit+Mama.jpg\" alt=\"\" id=\"BLOGGER_PHOTO_ID_5112739139133179698\" border=\"0\" \/><\/a>&#8222;Na, sind wir denn hier im Allg\u00e4u ?&#8220; Das haben wir uns jedenfalls heute mehrmals auf unserem Spaziergang gefragt. Michael hatte heute frei und so haben wir den sch\u00f6nen Sonnentag f\u00fcr einen ausgiebigen Spaziergang genutzt.<br \/>Philipp hatte heute irgendwie nicht viel Lust auf Kinderwagen und hat einiges der Strecke zu Fu\u00df zur\u00fcck gelegt. Das erh\u00f6ht die Spazierdauer zwar erheblich, daf\u00fcr ist er Abend dann aber auch Hundem\u00fcde &#8211; was f\u00fcr Mama und Papa ja auch mal ganz angenehm ist \ud83d\ude42<\/p>\n","protected":false},"excerpt":{"rendered":"<p>&#8222;Na, sind wir denn hier im Allg\u00e4u ?&#8220; Das haben wir uns jedenfalls heute mehrmals auf unserem Spaziergang gefragt. Michael hatte heute frei und so haben wir den sch\u00f6nen Sonnentag f\u00fcr einen ausgiebigen Spaziergang genutzt.Philipp hatte heute irgendwie nicht viel Lust auf Kinderwagen und hat einiges der Strecke zu Fu\u00df zur\u00fcck gelegt. Das erh\u00f6ht die &hellip; <\/p>\n<p class=\"link-more\"><a href=\"https:\/\/blog.pressler-online.de\/?p=547\" class=\"more-link\"><span class=\"screen-reader-text\">\u201eSpaziergang bei sch\u00f6nem Herbstwetter\u201c <\/span>weiterlesen<\/a><\/p>\n","protected":false},"author":2,"featured_media":0,"comment_status":"open","ping_status":"open","sticky":false,"template":"","format":"standard","meta":{"footnotes":""},"categories":[1],"tags":[],"class_list":["post-547","post","type-post","status-publish","format-standard","hentry","category-allgemein"],"_links":{"self":[{"href":"https:\/\/blog.pressler-online.de\/index.php?rest_route=\/wp\/v2\/posts\/547","targetHints":{"allow":["GET"]}}],"collection":[{"href":"https:\/\/blog.pressler-online.de\/index.php?rest_route=\/wp\/v2\/posts"}],"about":[{"href":"https:\/\/blog.pressler-online.de\/index.php?rest_route=\/wp\/v2\/types\/post"}],"author":[{"embeddable":true,"href":"https:\/\/blog.pressler-online.de\/index.php?rest_route=\/wp\/v2\/users\/2"}],"replies":[{"embeddable":true,"href":"https:\/\/blog.pressler-online.de\/index.php?rest_route=%2Fwp%2Fv2%2Fcomments&post=547"}],"version-history":[{"count":0,"href":"https:\/\/blog.pressler-online.de\/index.php?rest_route=\/wp\/v2\/posts\/547\/revisions"}],"wp:attachment":[{"href":"https:\/\/blog.pressler-online.de\/index.php?rest_route=%2Fwp%2Fv2%2Fmedia&parent=547"}],"wp:term":[{"taxonomy":"category","embeddable":true,"href":"https:\/\/blog.pressler-online.de\/index.php?rest_route=%2Fwp%2Fv2%2Fcategories&post=547"},{"taxonomy":"post_tag","embeddable":true,"href":"https:\/\/blog.pressler-online.de\/index.php?rest_route=%2Fwp%2Fv2%2Ftags&post=547"}],"curies":[{"name":"wp","href":"https:\/\/api.w.org\/{rel}","templated":true}]}}