{"id":535,"date":"2007-10-12T22:22:00","date_gmt":"2007-10-12T20:22:00","guid":{"rendered":"https:\/\/blog.pressler-online.de\/?p=535"},"modified":"2007-10-12T22:22:00","modified_gmt":"2007-10-12T20:22:00","slug":"familienzusammenfuhrung-in-zurich","status":"publish","type":"post","link":"https:\/\/blog.pressler-online.de\/?p=535","title":{"rendered":"Familienzusammenf\u00fchrung in Z\u00fcrich"},"content":{"rendered":"<p><a href=\"http:\/\/4.bp.blogspot.com\/_3VqAobEJM-A\/RyZQv4sEcAI\/AAAAAAAAAGo\/_zZS28QZc5g\/s1600-h\/Ankunft%2BZ\u00fcrich.jpg\" rel=\"lightbox[535]\"><img decoding=\"async\" style=\"margin: 0px auto 10px; display: block; text-align: center; cursor: pointer;\" src=\"http:\/\/4.bp.blogspot.com\/_3VqAobEJM-A\/RyZQv4sEcAI\/AAAAAAAAAGo\/_zZS28QZc5g\/s400\/Ankunft%2BZ\u00fcrich.jpg\" alt=\"\" id=\"BLOGGER_PHOTO_ID_5126874009409187842\" border=\"0\" \/><\/a>Juhu, heute war es endlich soweit. Nachdem ich nun fast ein Jahr w\u00f6chentlich in die Schweiz muss, haben mich meine beiden Engel in Z\u00fcrich besucht.<br \/>Fast w\u00e4re es in letzter Minute noch schief gegangen. Philipp, der die ganze Zeit schon mit Husten zu k\u00e4mpfen hatte, bekam kurz vor der Schweizer Grenze einen Ausschlag (wahrscheinlich die schweizer Allergie&#8230;). Aber da er weiterhin quietschfidel war, ist Chrissi weiter gefahren und so stand einem sch\u00f6nen Wochenende nichts mehr im Weg.<br \/>Gleich nach der Ankunft ging es zu einem kleinen Rundgang zum Z\u00fcrich See. Philipp war bei dem Anblick des ganzen Wassers kaum zu halten. Zum Gl\u00fcck waren dort recht hohe B\u00e4nke wo er noch nicht dr\u00fcber klettern konnte \ud83d\ude42<\/p>\n","protected":false},"excerpt":{"rendered":"<p>Juhu, heute war es endlich soweit. Nachdem ich nun fast ein Jahr w\u00f6chentlich in die Schweiz muss, haben mich meine beiden Engel in Z\u00fcrich besucht.Fast w\u00e4re es in letzter Minute noch schief gegangen. Philipp, der die ganze Zeit schon mit Husten zu k\u00e4mpfen hatte, bekam kurz vor der Schweizer Grenze einen Ausschlag (wahrscheinlich die schweizer &hellip; <\/p>\n<p class=\"link-more\"><a href=\"https:\/\/blog.pressler-online.de\/?p=535\" class=\"more-link\"><span class=\"screen-reader-text\">\u201eFamilienzusammenf\u00fchrung in Z\u00fcrich\u201c <\/span>weiterlesen<\/a><\/p>\n","protected":false},"author":5,"featured_media":0,"comment_status":"open","ping_status":"open","sticky":false,"template":"","format":"standard","meta":{"footnotes":""},"categories":[1],"tags":[],"class_list":["post-535","post","type-post","status-publish","format-standard","hentry","category-allgemein"],"_links":{"self":[{"href":"https:\/\/blog.pressler-online.de\/index.php?rest_route=\/wp\/v2\/posts\/535","targetHints":{"allow":["GET"]}}],"collection":[{"href":"https:\/\/blog.pressler-online.de\/index.php?rest_route=\/wp\/v2\/posts"}],"about":[{"href":"https:\/\/blog.pressler-online.de\/index.php?rest_route=\/wp\/v2\/types\/post"}],"author":[{"embeddable":true,"href":"https:\/\/blog.pressler-online.de\/index.php?rest_route=\/wp\/v2\/users\/5"}],"replies":[{"embeddable":true,"href":"https:\/\/blog.pressler-online.de\/index.php?rest_route=%2Fwp%2Fv2%2Fcomments&post=535"}],"version-history":[{"count":0,"href":"https:\/\/blog.pressler-online.de\/index.php?rest_route=\/wp\/v2\/posts\/535\/revisions"}],"wp:attachment":[{"href":"https:\/\/blog.pressler-online.de\/index.php?rest_route=%2Fwp%2Fv2%2Fmedia&parent=535"}],"wp:term":[{"taxonomy":"category","embeddable":true,"href":"https:\/\/blog.pressler-online.de\/index.php?rest_route=%2Fwp%2Fv2%2Fcategories&post=535"},{"taxonomy":"post_tag","embeddable":true,"href":"https:\/\/blog.pressler-online.de\/index.php?rest_route=%2Fwp%2Fv2%2Ftags&post=535"}],"curies":[{"name":"wp","href":"https:\/\/api.w.org\/{rel}","templated":true}]}}