{"id":492,"date":"2008-01-20T22:58:00","date_gmt":"2008-01-20T20:58:00","guid":{"rendered":"https:\/\/blog.pressler-online.de\/?p=492"},"modified":"2008-01-20T22:58:00","modified_gmt":"2008-01-20T20:58:00","slug":"opas-geburstag","status":"publish","type":"post","link":"https:\/\/blog.pressler-online.de\/?p=492","title":{"rendered":"Opas Geburstag"},"content":{"rendered":"<p><a href=\"http:\/\/2.bp.blogspot.com\/_3VqAobEJM-A\/R7nxlGgGBlI\/AAAAAAAAAJg\/NrvJsddC3i0\/s1600-h\/Opas+Geburtstag.jpg\" rel=\"lightbox[492]\"><img decoding=\"async\" style=\"margin: 0px auto 10px; display: block; text-align: center; cursor: pointer;\" src=\"http:\/\/2.bp.blogspot.com\/_3VqAobEJM-A\/R7nxlGgGBlI\/AAAAAAAAAJg\/NrvJsddC3i0\/s400\/Opas+Geburtstag.jpg\" alt=\"\" id=\"BLOGGER_PHOTO_ID_5168427667087033938\" border=\"0\" \/><\/a>Heute hat mein Opa Edmund Geburtstag und die ganze Familie war schon zum Mittagessen eingeladen &#8211; mmmh war das lecker. Den Opa und die Oma sehe ich seit diesem Jahr 2 Mal in der Woche, denn die Mama arbeitet dann wieder in ihrer alten Firma. Wenn ich morgens komme, dann kitzle ich erst mal den Opa wach, dann fr\u00fchst\u00fccke ich nochmal mit der Oma und dem Opa und dann gehen wir endlich zum Traktor!!! Da hab ich sogar schon drauf sitzen d\u00fcrfen. War das cool!! Dann gehen wir meistens spazieren &#8211; zu den Fischen und dann zu Antes auf den Bauernhof. Da gibt es nat\u00fcrlich auch einen Traktor und H\u00fchner und KATZEN!!!! YEAH! Die streichel ich so gerne &#8211; aber meistens hauen die ab!! Ja und der Opa k\u00fcmmert sich auch immer ganz dolle um mich und macht gaaaanz viel Quatsch und das ist sch\u00f6n!<\/p>\n","protected":false},"excerpt":{"rendered":"<p>Heute hat mein Opa Edmund Geburtstag und die ganze Familie war schon zum Mittagessen eingeladen &#8211; mmmh war das lecker. Den Opa und die Oma sehe ich seit diesem Jahr 2 Mal in der Woche, denn die Mama arbeitet dann wieder in ihrer alten Firma. Wenn ich morgens komme, dann kitzle ich erst mal den &hellip; <\/p>\n<p class=\"link-more\"><a href=\"https:\/\/blog.pressler-online.de\/?p=492\" class=\"more-link\"><span class=\"screen-reader-text\">\u201eOpas Geburstag\u201c <\/span>weiterlesen<\/a><\/p>\n","protected":false},"author":5,"featured_media":0,"comment_status":"open","ping_status":"open","sticky":false,"template":"","format":"standard","meta":{"footnotes":""},"categories":[1],"tags":[],"class_list":["post-492","post","type-post","status-publish","format-standard","hentry","category-allgemein"],"_links":{"self":[{"href":"https:\/\/blog.pressler-online.de\/index.php?rest_route=\/wp\/v2\/posts\/492","targetHints":{"allow":["GET"]}}],"collection":[{"href":"https:\/\/blog.pressler-online.de\/index.php?rest_route=\/wp\/v2\/posts"}],"about":[{"href":"https:\/\/blog.pressler-online.de\/index.php?rest_route=\/wp\/v2\/types\/post"}],"author":[{"embeddable":true,"href":"https:\/\/blog.pressler-online.de\/index.php?rest_route=\/wp\/v2\/users\/5"}],"replies":[{"embeddable":true,"href":"https:\/\/blog.pressler-online.de\/index.php?rest_route=%2Fwp%2Fv2%2Fcomments&post=492"}],"version-history":[{"count":0,"href":"https:\/\/blog.pressler-online.de\/index.php?rest_route=\/wp\/v2\/posts\/492\/revisions"}],"wp:attachment":[{"href":"https:\/\/blog.pressler-online.de\/index.php?rest_route=%2Fwp%2Fv2%2Fmedia&parent=492"}],"wp:term":[{"taxonomy":"category","embeddable":true,"href":"https:\/\/blog.pressler-online.de\/index.php?rest_route=%2Fwp%2Fv2%2Fcategories&post=492"},{"taxonomy":"post_tag","embeddable":true,"href":"https:\/\/blog.pressler-online.de\/index.php?rest_route=%2Fwp%2Fv2%2Ftags&post=492"}],"curies":[{"name":"wp","href":"https:\/\/api.w.org\/{rel}","templated":true}]}}