{"id":417,"date":"2008-07-16T22:02:00","date_gmt":"2008-07-16T20:02:00","guid":{"rendered":"https:\/\/blog.pressler-online.de\/?p=417"},"modified":"2008-07-16T22:02:00","modified_gmt":"2008-07-16T20:02:00","slug":"florians-geburtstag","status":"publish","type":"post","link":"https:\/\/blog.pressler-online.de\/?p=417","title":{"rendered":"Florians Geburtstag"},"content":{"rendered":"<p><a href=\"http:\/\/3.bp.blogspot.com\/_3a70w9LK0qs\/SJdh-xayB7I\/AAAAAAAAAjQ\/4L5_Z88xG1w\/s1600-h\/Geburtstag+Florian.jpg\" rel=\"lightbox[417]\"><img decoding=\"async\" style=\"margin: 0px auto 10px; display: block; text-align: center; cursor: pointer;\" src=\"http:\/\/3.bp.blogspot.com\/_3a70w9LK0qs\/SJdh-xayB7I\/AAAAAAAAAjQ\/4L5_Z88xG1w\/s400\/Geburtstag+Florian.jpg\" alt=\"\" id=\"BLOGGER_PHOTO_ID_5230757223259572146\" border=\"0\" \/><\/a>Was geht es uns doch so gut!! Wir sind die dicksten Kumpels und freuen uns ganz doll, wenn wir uns sehen und rennen laut &#8222;Florian&#8220; kreischend und quietschend aufeinander zu!! Hier wird die Theorie widerlegt, da\u00df  M\u00e4nner keine Gef\u00fchle zeigen k\u00f6nnen \ud83d\ude09<\/p>\n<p>Der Florian hat uns zum Geburtstag eingeladen und wir haben ganz doll gefeiert. Erst gab es Kuchen &#8211; dann sind wir auf der Rutschbahn im Garten auf dem Bauch runtergerutscht. Manchmal landete auch ein bissi Gras im Mund &#8211; aber das kann man ja wieder ausspucken und weiter gehts!!<\/p>\n<p>Mit dem Jonas und der Ann-Christine sind wir in Florians Haus vorne rein und hinten wieder rausgerannt und haben aus den Fenstern geguckt und mit den Mamas guggucks gemacht.<\/p>\n<p>Es war ein sch\u00f6ner Vormittag!! Danke f\u00fcr die Einladung<\/p>\n","protected":false},"excerpt":{"rendered":"<p>Was geht es uns doch so gut!! Wir sind die dicksten Kumpels und freuen uns ganz doll, wenn wir uns sehen und rennen laut &#8222;Florian&#8220; kreischend und quietschend aufeinander zu!! Hier wird die Theorie widerlegt, da\u00df M\u00e4nner keine Gef\u00fchle zeigen k\u00f6nnen \ud83d\ude09 Der Florian hat uns zum Geburtstag eingeladen und wir haben ganz doll gefeiert. &hellip; <\/p>\n<p class=\"link-more\"><a href=\"https:\/\/blog.pressler-online.de\/?p=417\" class=\"more-link\"><span class=\"screen-reader-text\">\u201eFlorians Geburtstag\u201c <\/span>weiterlesen<\/a><\/p>\n","protected":false},"author":2,"featured_media":0,"comment_status":"open","ping_status":"open","sticky":false,"template":"","format":"standard","meta":{"footnotes":""},"categories":[1],"tags":[],"class_list":["post-417","post","type-post","status-publish","format-standard","hentry","category-allgemein"],"_links":{"self":[{"href":"https:\/\/blog.pressler-online.de\/index.php?rest_route=\/wp\/v2\/posts\/417","targetHints":{"allow":["GET"]}}],"collection":[{"href":"https:\/\/blog.pressler-online.de\/index.php?rest_route=\/wp\/v2\/posts"}],"about":[{"href":"https:\/\/blog.pressler-online.de\/index.php?rest_route=\/wp\/v2\/types\/post"}],"author":[{"embeddable":true,"href":"https:\/\/blog.pressler-online.de\/index.php?rest_route=\/wp\/v2\/users\/2"}],"replies":[{"embeddable":true,"href":"https:\/\/blog.pressler-online.de\/index.php?rest_route=%2Fwp%2Fv2%2Fcomments&post=417"}],"version-history":[{"count":0,"href":"https:\/\/blog.pressler-online.de\/index.php?rest_route=\/wp\/v2\/posts\/417\/revisions"}],"wp:attachment":[{"href":"https:\/\/blog.pressler-online.de\/index.php?rest_route=%2Fwp%2Fv2%2Fmedia&parent=417"}],"wp:term":[{"taxonomy":"category","embeddable":true,"href":"https:\/\/blog.pressler-online.de\/index.php?rest_route=%2Fwp%2Fv2%2Fcategories&post=417"},{"taxonomy":"post_tag","embeddable":true,"href":"https:\/\/blog.pressler-online.de\/index.php?rest_route=%2Fwp%2Fv2%2Ftags&post=417"}],"curies":[{"name":"wp","href":"https:\/\/api.w.org\/{rel}","templated":true}]}}