{"id":383,"date":"2008-10-17T21:53:00","date_gmt":"2008-10-17T19:53:00","guid":{"rendered":"https:\/\/blog.pressler-online.de\/?p=383"},"modified":"2008-10-17T21:53:00","modified_gmt":"2008-10-17T19:53:00","slug":"kirmesbursche","status":"publish","type":"post","link":"https:\/\/blog.pressler-online.de\/?p=383","title":{"rendered":"Kirmesbursche"},"content":{"rendered":"<p><a href=\"http:\/\/1.bp.blogspot.com\/_3a70w9LK0qs\/SSxl3B5W2RI\/AAAAAAAAA1o\/aIvfTjEwTRY\/s1600-h\/Kirmesbursche.jpg\" rel=\"lightbox[383]\"><img decoding=\"async\" style=\"margin: 0px auto 10px; display: block; text-align: center; cursor: pointer; width: 266px; height: 400px;\" src=\"http:\/\/1.bp.blogspot.com\/_3a70w9LK0qs\/SSxl3B5W2RI\/AAAAAAAAA1o\/aIvfTjEwTRY\/s400\/Kirmesbursche.jpg\" alt=\"\" id=\"BLOGGER_PHOTO_ID_5272701259820226834\" border=\"0\" \/><\/a>Da ist er &#8211; Papa&#8217;s Kirmeshut den er als er 1987 Kirmesbursche war getragen hat. Hat sich recht gut gehalten das gute St\u00fcck \ud83d\ude42<br \/>Philipp ist seit der &#8222;Hollesser Kerb&#8220; Anfang September \u00fcberhaupt nicht mehr genug bekommen von der Kirmes. Morgens geht es erst einmal die Treppe hoch den Kirmeshut betrachten, dann zu Papa&#8217;s Kirmesbild wo er ewige Zeit davor sitzt und sich alles genau betrachtet. Sp\u00e4ter im Wohnzimmer bekommt Papa dann eine kleine (Piraten)Flagge in die Hand gedr\u00fcckt und mu\u00df mit Philipp Kirmeslieder singend um sein B\u00e4llehaus tanzen w\u00e4hrend er fr\u00f6hlich seine (Deutschland)Flagge schwingt.<br \/>Kirmeslieder und Kirmesruf funktionieren inwzischen schon so gut, dass er kommendes Jahr auf der Kerb wohl nicht mehr zu halten ist &#8230; schade nur das man hier in Heppenheim bzw. Erbach die Kirmes v\u00f6llig anders feiert.<\/p>\n","protected":false},"excerpt":{"rendered":"<p>Da ist er &#8211; Papa&#8217;s Kirmeshut den er als er 1987 Kirmesbursche war getragen hat. Hat sich recht gut gehalten das gute St\u00fcck \ud83d\ude42Philipp ist seit der &#8222;Hollesser Kerb&#8220; Anfang September \u00fcberhaupt nicht mehr genug bekommen von der Kirmes. Morgens geht es erst einmal die Treppe hoch den Kirmeshut betrachten, dann zu Papa&#8217;s Kirmesbild wo &hellip; <\/p>\n<p class=\"link-more\"><a href=\"https:\/\/blog.pressler-online.de\/?p=383\" class=\"more-link\"><span class=\"screen-reader-text\">\u201eKirmesbursche\u201c <\/span>weiterlesen<\/a><\/p>\n","protected":false},"author":2,"featured_media":0,"comment_status":"open","ping_status":"open","sticky":false,"template":"","format":"standard","meta":{"footnotes":""},"categories":[1],"tags":[],"class_list":["post-383","post","type-post","status-publish","format-standard","hentry","category-allgemein"],"_links":{"self":[{"href":"https:\/\/blog.pressler-online.de\/index.php?rest_route=\/wp\/v2\/posts\/383","targetHints":{"allow":["GET"]}}],"collection":[{"href":"https:\/\/blog.pressler-online.de\/index.php?rest_route=\/wp\/v2\/posts"}],"about":[{"href":"https:\/\/blog.pressler-online.de\/index.php?rest_route=\/wp\/v2\/types\/post"}],"author":[{"embeddable":true,"href":"https:\/\/blog.pressler-online.de\/index.php?rest_route=\/wp\/v2\/users\/2"}],"replies":[{"embeddable":true,"href":"https:\/\/blog.pressler-online.de\/index.php?rest_route=%2Fwp%2Fv2%2Fcomments&post=383"}],"version-history":[{"count":0,"href":"https:\/\/blog.pressler-online.de\/index.php?rest_route=\/wp\/v2\/posts\/383\/revisions"}],"wp:attachment":[{"href":"https:\/\/blog.pressler-online.de\/index.php?rest_route=%2Fwp%2Fv2%2Fmedia&parent=383"}],"wp:term":[{"taxonomy":"category","embeddable":true,"href":"https:\/\/blog.pressler-online.de\/index.php?rest_route=%2Fwp%2Fv2%2Fcategories&post=383"},{"taxonomy":"post_tag","embeddable":true,"href":"https:\/\/blog.pressler-online.de\/index.php?rest_route=%2Fwp%2Fv2%2Ftags&post=383"}],"curies":[{"name":"wp","href":"https:\/\/api.w.org\/{rel}","templated":true}]}}