{"id":381,"date":"2008-10-17T22:56:00","date_gmt":"2008-10-17T20:56:00","guid":{"rendered":"https:\/\/blog.pressler-online.de\/?p=381"},"modified":"2008-10-17T22:56:00","modified_gmt":"2008-10-17T20:56:00","slug":"mein-laufrad","status":"publish","type":"post","link":"https:\/\/blog.pressler-online.de\/?p=381","title":{"rendered":"Mein Laufrad"},"content":{"rendered":"<p><a href=\"http:\/\/4.bp.blogspot.com\/_3a70w9LK0qs\/SSx0tyS-nvI\/AAAAAAAAA2o\/FyN_95_wHac\/s1600-h\/Mein+Laufrad.jpg\" rel=\"lightbox[381]\"><img decoding=\"async\" style=\"margin: 0px auto 10px; display: block; text-align: center; cursor: pointer; width: 266px; height: 400px;\" src=\"http:\/\/4.bp.blogspot.com\/_3a70w9LK0qs\/SSx0tyS-nvI\/AAAAAAAAA2o\/FyN_95_wHac\/s400\/Mein+Laufrad.jpg\" alt=\"\" id=\"BLOGGER_PHOTO_ID_5272717593688317682\" border=\"0\" \/><\/a>Da Philipp und ich leider etwas darmtechnisch infiziert sind konnten wir leider nicht zu Andrea und dem kleinen Lars. Dewegen sind wir mal spontan auf die Juh\u00f6he gefahren, zum \u00dcben.<br \/>Denn jetzt ist es soweit &#8211; der Philipp macht die ersten &#8222;Gehversuche&#8220; (das meine ich ziemlich w\u00f6rtlich) auf dem Laufrad. Im Moment kann man noch gaaanz gem\u00fctlich hinter ihm herlaufen, denn er l\u00e4uft wirklich. Bisher hat er noch nicht gemerkt, dass man sich sogar auf den Sattel setzen kann.Wahrscheinlich werde ich diese Zeit noch schmerzlich vermissen \ud83d\ude42<br \/>Da er und ich leider etwas darmtechnisch infiziert sind konnten wir leider nicht zu Andrea und dem kleinen Lars. Dewegen sind wir mal spontan auf die Juh\u00f6he gefahren, zum \u00dcben.<\/p>\n","protected":false},"excerpt":{"rendered":"<p>Da Philipp und ich leider etwas darmtechnisch infiziert sind konnten wir leider nicht zu Andrea und dem kleinen Lars. Dewegen sind wir mal spontan auf die Juh\u00f6he gefahren, zum \u00dcben.Denn jetzt ist es soweit &#8211; der Philipp macht die ersten &#8222;Gehversuche&#8220; (das meine ich ziemlich w\u00f6rtlich) auf dem Laufrad. Im Moment kann man noch gaaanz &hellip; <\/p>\n<p class=\"link-more\"><a href=\"https:\/\/blog.pressler-online.de\/?p=381\" class=\"more-link\"><span class=\"screen-reader-text\">\u201eMein Laufrad\u201c <\/span>weiterlesen<\/a><\/p>\n","protected":false},"author":2,"featured_media":0,"comment_status":"open","ping_status":"open","sticky":false,"template":"","format":"standard","meta":{"footnotes":""},"categories":[1],"tags":[],"class_list":["post-381","post","type-post","status-publish","format-standard","hentry","category-allgemein"],"_links":{"self":[{"href":"https:\/\/blog.pressler-online.de\/index.php?rest_route=\/wp\/v2\/posts\/381","targetHints":{"allow":["GET"]}}],"collection":[{"href":"https:\/\/blog.pressler-online.de\/index.php?rest_route=\/wp\/v2\/posts"}],"about":[{"href":"https:\/\/blog.pressler-online.de\/index.php?rest_route=\/wp\/v2\/types\/post"}],"author":[{"embeddable":true,"href":"https:\/\/blog.pressler-online.de\/index.php?rest_route=\/wp\/v2\/users\/2"}],"replies":[{"embeddable":true,"href":"https:\/\/blog.pressler-online.de\/index.php?rest_route=%2Fwp%2Fv2%2Fcomments&post=381"}],"version-history":[{"count":0,"href":"https:\/\/blog.pressler-online.de\/index.php?rest_route=\/wp\/v2\/posts\/381\/revisions"}],"wp:attachment":[{"href":"https:\/\/blog.pressler-online.de\/index.php?rest_route=%2Fwp%2Fv2%2Fmedia&parent=381"}],"wp:term":[{"taxonomy":"category","embeddable":true,"href":"https:\/\/blog.pressler-online.de\/index.php?rest_route=%2Fwp%2Fv2%2Fcategories&post=381"},{"taxonomy":"post_tag","embeddable":true,"href":"https:\/\/blog.pressler-online.de\/index.php?rest_route=%2Fwp%2Fv2%2Ftags&post=381"}],"curies":[{"name":"wp","href":"https:\/\/api.w.org\/{rel}","templated":true}]}}