{"id":379,"date":"2008-10-26T23:19:00","date_gmt":"2008-10-26T21:19:00","guid":{"rendered":"https:\/\/blog.pressler-online.de\/?p=379"},"modified":"2008-10-26T23:19:00","modified_gmt":"2008-10-26T21:19:00","slug":"federweiser-wanderung-in-mainz","status":"publish","type":"post","link":"https:\/\/blog.pressler-online.de\/?p=379","title":{"rendered":"Federwei\u00dfer-Wanderung in Mainz"},"content":{"rendered":"<p><a href=\"http:\/\/4.bp.blogspot.com\/_3a70w9LK0qs\/SSxsEE51asI\/AAAAAAAAA2A\/zJt65fbZRxI\/s1600-h\/Wandern+in+Mainz.jpg\" rel=\"lightbox[379]\"><img decoding=\"async\" style=\"margin: 0px auto 10px; display: block; text-align: center; cursor: pointer; width: 400px; height: 300px;\" src=\"http:\/\/4.bp.blogspot.com\/_3a70w9LK0qs\/SSxsEE51asI\/AAAAAAAAA2A\/zJt65fbZRxI\/s400\/Wandern+in+Mainz.jpg\" alt=\"\" id=\"BLOGGER_PHOTO_ID_5272708081035602626\" border=\"0\" \/><\/a><br \/>Heute war mal wieder Skater-Tag und wir sind nach Mainz gefahren, um den Fortschritt des Dachausbaus und somit das zuk\u00fcnftige Matratzenlager zu begutachten. Es hat uns sehr gut gefallen und wir freuen uns schon, wenn wir das 1. Mal dort \u00fcbernachten k\u00f6nnen. Das wird ein echtes Schmuckst\u00fcck.<br \/>Eigentlich wollten wir Federroter von der Bergstra\u00dfe mitnehmen, mu\u00dften aber leider lernen, da\u00df die Federwei\u00dfer-Zeit vorbei ist.<br \/>Nachdem wir uns mit leckerem Streuselkuchen von den Ollis gest\u00e4rkt hatten und Philipp sich endlich von der Katze trennen konnte, sind wir erst mal spazieren gegangen, um uns anschlie\u00dfend von Anne mit leckerem Zwiebelkuchen und Quiche verw\u00f6hnen zu lassen.<\/p>\n","protected":false},"excerpt":{"rendered":"<p>Heute war mal wieder Skater-Tag und wir sind nach Mainz gefahren, um den Fortschritt des Dachausbaus und somit das zuk\u00fcnftige Matratzenlager zu begutachten. Es hat uns sehr gut gefallen und wir freuen uns schon, wenn wir das 1. Mal dort \u00fcbernachten k\u00f6nnen. Das wird ein echtes Schmuckst\u00fcck.Eigentlich wollten wir Federroter von der Bergstra\u00dfe mitnehmen, mu\u00dften &hellip; <\/p>\n<p class=\"link-more\"><a href=\"https:\/\/blog.pressler-online.de\/?p=379\" class=\"more-link\"><span class=\"screen-reader-text\">\u201eFederwei\u00dfer-Wanderung in Mainz\u201c <\/span>weiterlesen<\/a><\/p>\n","protected":false},"author":2,"featured_media":0,"comment_status":"open","ping_status":"open","sticky":false,"template":"","format":"standard","meta":{"footnotes":""},"categories":[1],"tags":[],"class_list":["post-379","post","type-post","status-publish","format-standard","hentry","category-allgemein"],"_links":{"self":[{"href":"https:\/\/blog.pressler-online.de\/index.php?rest_route=\/wp\/v2\/posts\/379","targetHints":{"allow":["GET"]}}],"collection":[{"href":"https:\/\/blog.pressler-online.de\/index.php?rest_route=\/wp\/v2\/posts"}],"about":[{"href":"https:\/\/blog.pressler-online.de\/index.php?rest_route=\/wp\/v2\/types\/post"}],"author":[{"embeddable":true,"href":"https:\/\/blog.pressler-online.de\/index.php?rest_route=\/wp\/v2\/users\/2"}],"replies":[{"embeddable":true,"href":"https:\/\/blog.pressler-online.de\/index.php?rest_route=%2Fwp%2Fv2%2Fcomments&post=379"}],"version-history":[{"count":0,"href":"https:\/\/blog.pressler-online.de\/index.php?rest_route=\/wp\/v2\/posts\/379\/revisions"}],"wp:attachment":[{"href":"https:\/\/blog.pressler-online.de\/index.php?rest_route=%2Fwp%2Fv2%2Fmedia&parent=379"}],"wp:term":[{"taxonomy":"category","embeddable":true,"href":"https:\/\/blog.pressler-online.de\/index.php?rest_route=%2Fwp%2Fv2%2Fcategories&post=379"},{"taxonomy":"post_tag","embeddable":true,"href":"https:\/\/blog.pressler-online.de\/index.php?rest_route=%2Fwp%2Fv2%2Ftags&post=379"}],"curies":[{"name":"wp","href":"https:\/\/api.w.org\/{rel}","templated":true}]}}