{"id":358,"date":"2008-12-19T00:57:00","date_gmt":"2008-12-18T22:57:00","guid":{"rendered":"https:\/\/blog.pressler-online.de\/?p=358"},"modified":"2008-12-19T00:57:00","modified_gmt":"2008-12-18T22:57:00","slug":"tief-im-tannenwald","status":"publish","type":"post","link":"https:\/\/blog.pressler-online.de\/?p=358","title":{"rendered":"Tief im Tannenwald"},"content":{"rendered":"<p><a href=\"http:\/\/3.bp.blogspot.com\/_3a70w9LK0qs\/SWvK8nV3tOI\/AAAAAAAAA4g\/SCIiKAg1MXM\/s1600-h\/Weihnachtsfeier+Musikschule.jpg\" rel=\"lightbox[358]\"><img decoding=\"async\" style=\"margin: 0px auto 10px; display: block; text-align: center; cursor: pointer; width: 300px; height: 400px;\" src=\"http:\/\/3.bp.blogspot.com\/_3a70w9LK0qs\/SWvK8nV3tOI\/AAAAAAAAA4g\/SCIiKAg1MXM\/s400\/Weihnachtsfeier+Musikschule.jpg\" alt=\"\" id=\"BLOGGER_PHOTO_ID_5290545329978455266\" border=\"0\" \/><\/a><br \/>Heute war Weihnachtsfeier in der Musikschule und bei unserem Lieblinglied &#8222;Tief im Tannenwald&#8220;, da s\u00e4gt der Nikolaus ein B\u00e4umlein ab und jedes Kind darf ein Mal die Nikolauskappe aufziehen, das S\u00e4cklein nehmen und dann nat\u00fcrlich das B\u00e4umlein abs\u00e4gen und dabei im Kreis um alle herumlaufen.<br \/>Zum besinnlichen Teil hat der Paul beigetragen (der gro\u00dfe Bruder von Arne) der uns mit seiner Gitarre begleitet hat. Dazu haben wir das Licht ausgemacht, Kerzen angesteckt und Weihnachtslieder gesungen. Jetzt kann Weihnachten kommen.<br \/>Dieses Jahr freue ich mich besonders darauf, denn jetzt ist Philipp noch ein Jahr \u00e4lter und kriegt schon wieder mehr mit. Jeden Tag lesen wir eine kleine Geschichte vor und zu dieser Geschichte gibt es dann jeweils ein Bild &#8211; ein Teil von einer Krippe &#8211; das er dann ans Fenster kleben kann. Und bald ist sie dann komplett.<\/p>\n","protected":false},"excerpt":{"rendered":"<p>Heute war Weihnachtsfeier in der Musikschule und bei unserem Lieblinglied &#8222;Tief im Tannenwald&#8220;, da s\u00e4gt der Nikolaus ein B\u00e4umlein ab und jedes Kind darf ein Mal die Nikolauskappe aufziehen, das S\u00e4cklein nehmen und dann nat\u00fcrlich das B\u00e4umlein abs\u00e4gen und dabei im Kreis um alle herumlaufen.Zum besinnlichen Teil hat der Paul beigetragen (der gro\u00dfe Bruder von &hellip; <\/p>\n<p class=\"link-more\"><a href=\"https:\/\/blog.pressler-online.de\/?p=358\" class=\"more-link\"><span class=\"screen-reader-text\">\u201eTief im Tannenwald\u201c <\/span>weiterlesen<\/a><\/p>\n","protected":false},"author":2,"featured_media":0,"comment_status":"open","ping_status":"open","sticky":false,"template":"","format":"standard","meta":{"footnotes":""},"categories":[1],"tags":[],"class_list":["post-358","post","type-post","status-publish","format-standard","hentry","category-allgemein"],"_links":{"self":[{"href":"https:\/\/blog.pressler-online.de\/index.php?rest_route=\/wp\/v2\/posts\/358","targetHints":{"allow":["GET"]}}],"collection":[{"href":"https:\/\/blog.pressler-online.de\/index.php?rest_route=\/wp\/v2\/posts"}],"about":[{"href":"https:\/\/blog.pressler-online.de\/index.php?rest_route=\/wp\/v2\/types\/post"}],"author":[{"embeddable":true,"href":"https:\/\/blog.pressler-online.de\/index.php?rest_route=\/wp\/v2\/users\/2"}],"replies":[{"embeddable":true,"href":"https:\/\/blog.pressler-online.de\/index.php?rest_route=%2Fwp%2Fv2%2Fcomments&post=358"}],"version-history":[{"count":0,"href":"https:\/\/blog.pressler-online.de\/index.php?rest_route=\/wp\/v2\/posts\/358\/revisions"}],"wp:attachment":[{"href":"https:\/\/blog.pressler-online.de\/index.php?rest_route=%2Fwp%2Fv2%2Fmedia&parent=358"}],"wp:term":[{"taxonomy":"category","embeddable":true,"href":"https:\/\/blog.pressler-online.de\/index.php?rest_route=%2Fwp%2Fv2%2Fcategories&post=358"},{"taxonomy":"post_tag","embeddable":true,"href":"https:\/\/blog.pressler-online.de\/index.php?rest_route=%2Fwp%2Fv2%2Ftags&post=358"}],"curies":[{"name":"wp","href":"https:\/\/api.w.org\/{rel}","templated":true}]}}