{"id":342,"date":"2009-01-20T22:37:00","date_gmt":"2009-01-20T20:37:00","guid":{"rendered":"https:\/\/blog.pressler-online.de\/?p=342"},"modified":"2009-01-20T22:37:00","modified_gmt":"2009-01-20T20:37:00","slug":"opas-geburtstag-2","status":"publish","type":"post","link":"https:\/\/blog.pressler-online.de\/?p=342","title":{"rendered":"Opas Geburtstag"},"content":{"rendered":"<p><a href=\"http:\/\/3.bp.blogspot.com\/_3a70w9LK0qs\/SX4fG6hDQJI\/AAAAAAAAA7M\/16XhvukpPKI\/s1600-h\/Mein+Opa.jpg\" rel=\"lightbox[342]\"><img decoding=\"async\" style=\"margin: 0px auto 10px; display: block; text-align: center; cursor: pointer; width: 300px; height: 400px;\" src=\"http:\/\/3.bp.blogspot.com\/_3a70w9LK0qs\/SX4fG6hDQJI\/AAAAAAAAA7M\/16XhvukpPKI\/s400\/Mein+Opa.jpg\" alt=\"\" id=\"BLOGGER_PHOTO_ID_5295704415481839762\" border=\"0\" \/><\/a>Mein Opa und ich sind ein Herz und eine Seele, denn er macht immer Quatsch mit Philipp oder spielt Fu\u00dfball mit ihm oder spielt mit Traktoren &#8211; aber am allerliebsten guckt sich der Philipp zusammen mit dem Opa den Traktor-Katalog an und erkl\u00e4rt dann, welcher der Deutz oder der Fendt ist.<br \/>Deshalb hat der Philipp dem Opa auch ein Bild gemalt, wo ein Traktor drauf ist und nat\u00fcrlich der Opa!<br \/>Fast vergessen: Heute vormittag war Philipp bei den W\u00fchlm\u00e4usen &#8211; und heute sah er wirklich wieder mal so aus. Nachdem der Schnee weggeschmolzen, der Boden nicht mehr gefroren und es auch noch geregnet hat waren die Handschuhe meines Philipps nicht mehr hellblau, sondern dunkelbraun. Gott sei Dank gibt es Matschehosen und Gummistiefel &#8211; die hatten auch nicht mehr ihre Ursprungs-Farbe. Aber dem Philipp hat es Spa\u00df gemacht &#8211; wie immer &#8211; obwohl er behauptet hat, da\u00df ihn die Kinder immer \u00e4rgern&#8230;. Weil er ja niemals jemanden \u00e4rgern w\u00fcrde&#8230; neeeeein \ud83d\ude42<br \/>Die st\u00e4rkste Konkurrenz f\u00fcr den Opa sind Lea und Samira. Wenn Heute war nat\u00fcrlich Leben im Hause Silber und<\/p>\n","protected":false},"excerpt":{"rendered":"<p>Mein Opa und ich sind ein Herz und eine Seele, denn er macht immer Quatsch mit Philipp oder spielt Fu\u00dfball mit ihm oder spielt mit Traktoren &#8211; aber am allerliebsten guckt sich der Philipp zusammen mit dem Opa den Traktor-Katalog an und erkl\u00e4rt dann, welcher der Deutz oder der Fendt ist.Deshalb hat der Philipp dem &hellip; <\/p>\n<p class=\"link-more\"><a href=\"https:\/\/blog.pressler-online.de\/?p=342\" class=\"more-link\"><span class=\"screen-reader-text\">\u201eOpas Geburtstag\u201c <\/span>weiterlesen<\/a><\/p>\n","protected":false},"author":2,"featured_media":0,"comment_status":"open","ping_status":"open","sticky":false,"template":"","format":"standard","meta":{"footnotes":""},"categories":[1],"tags":[],"class_list":["post-342","post","type-post","status-publish","format-standard","hentry","category-allgemein"],"_links":{"self":[{"href":"https:\/\/blog.pressler-online.de\/index.php?rest_route=\/wp\/v2\/posts\/342","targetHints":{"allow":["GET"]}}],"collection":[{"href":"https:\/\/blog.pressler-online.de\/index.php?rest_route=\/wp\/v2\/posts"}],"about":[{"href":"https:\/\/blog.pressler-online.de\/index.php?rest_route=\/wp\/v2\/types\/post"}],"author":[{"embeddable":true,"href":"https:\/\/blog.pressler-online.de\/index.php?rest_route=\/wp\/v2\/users\/2"}],"replies":[{"embeddable":true,"href":"https:\/\/blog.pressler-online.de\/index.php?rest_route=%2Fwp%2Fv2%2Fcomments&post=342"}],"version-history":[{"count":0,"href":"https:\/\/blog.pressler-online.de\/index.php?rest_route=\/wp\/v2\/posts\/342\/revisions"}],"wp:attachment":[{"href":"https:\/\/blog.pressler-online.de\/index.php?rest_route=%2Fwp%2Fv2%2Fmedia&parent=342"}],"wp:term":[{"taxonomy":"category","embeddable":true,"href":"https:\/\/blog.pressler-online.de\/index.php?rest_route=%2Fwp%2Fv2%2Fcategories&post=342"},{"taxonomy":"post_tag","embeddable":true,"href":"https:\/\/blog.pressler-online.de\/index.php?rest_route=%2Fwp%2Fv2%2Ftags&post=342"}],"curies":[{"name":"wp","href":"https:\/\/api.w.org\/{rel}","templated":true}]}}