{"id":341,"date":"2009-01-23T22:45:00","date_gmt":"2009-01-23T20:45:00","guid":{"rendered":"https:\/\/blog.pressler-online.de\/?p=341"},"modified":"2009-01-23T22:45:00","modified_gmt":"2009-01-23T20:45:00","slug":"krabbeltreff","status":"publish","type":"post","link":"https:\/\/blog.pressler-online.de\/?p=341","title":{"rendered":"Krabbeltreff"},"content":{"rendered":"<p><a href=\"http:\/\/2.bp.blogspot.com\/_3a70w9LK0qs\/SX4hEdjULcI\/AAAAAAAAA7U\/_gxToFjKTDA\/s1600-h\/Krabbeltreff1.jpg\" rel=\"lightbox[341]\"><img decoding=\"async\" style=\"margin: 0px auto 10px; display: block; text-align: center; cursor: pointer; width: 400px; height: 300px;\" src=\"http:\/\/2.bp.blogspot.com\/_3a70w9LK0qs\/SX4hEdjULcI\/AAAAAAAAA7U\/_gxToFjKTDA\/s400\/Krabbeltreff1.jpg\" alt=\"\" id=\"BLOGGER_PHOTO_ID_5295706572370226626\" border=\"0\" \/><\/a>Man mu\u00df die Kinder nur besch\u00e4ftigen &#8211; dann sind sie gaaanz brav, denn sie k\u00f6nnen ihre Energie auf die Knete &#8222;\u00fcbertragen&#8220;. Das klappt auch eine zeitlang ganz gut. Philipp und Jan haben ihr Energiefeld auch auf unsere Abstellkammer \u00fcbertragen und dort das untere Regal ausger\u00e4umt &#8211; einer der Herren (der ungenannt bleiben m\u00f6chte) hat noch eine dezente Duftnote  in unsere 1,5qm gro\u00dfe Kammer verbreitet und die T\u00fcr konnte man fast nicht aufmachen, weil &#8230;<br \/>A) &#8230; man intuitiv die T\u00fcre lieber zul\u00e4\u00dft aufgrund des intensiven Aromas<br \/>B) &#8230; es ohne Kinder schon eng ist<br \/>C) &#8230;  mit Kindern und ausger\u00e4umter Plastiktaschen und Kappen, Schals und Handschuhen auf dem Boden noch viel enger ist.<br \/>Aber wir konten in Ruhe fertigessen und die beiden hatten auch ihren Spa\u00df.  Und mit ein paar Handgriffen sieht es auch wieder aufger\u00e4umt aus.<\/p>\n","protected":false},"excerpt":{"rendered":"<p>Man mu\u00df die Kinder nur besch\u00e4ftigen &#8211; dann sind sie gaaanz brav, denn sie k\u00f6nnen ihre Energie auf die Knete &#8222;\u00fcbertragen&#8220;. Das klappt auch eine zeitlang ganz gut. Philipp und Jan haben ihr Energiefeld auch auf unsere Abstellkammer \u00fcbertragen und dort das untere Regal ausger\u00e4umt &#8211; einer der Herren (der ungenannt bleiben m\u00f6chte) hat noch &hellip; <\/p>\n<p class=\"link-more\"><a href=\"https:\/\/blog.pressler-online.de\/?p=341\" class=\"more-link\"><span class=\"screen-reader-text\">\u201eKrabbeltreff\u201c <\/span>weiterlesen<\/a><\/p>\n","protected":false},"author":2,"featured_media":0,"comment_status":"open","ping_status":"open","sticky":false,"template":"","format":"standard","meta":{"footnotes":""},"categories":[1],"tags":[],"class_list":["post-341","post","type-post","status-publish","format-standard","hentry","category-allgemein"],"_links":{"self":[{"href":"https:\/\/blog.pressler-online.de\/index.php?rest_route=\/wp\/v2\/posts\/341","targetHints":{"allow":["GET"]}}],"collection":[{"href":"https:\/\/blog.pressler-online.de\/index.php?rest_route=\/wp\/v2\/posts"}],"about":[{"href":"https:\/\/blog.pressler-online.de\/index.php?rest_route=\/wp\/v2\/types\/post"}],"author":[{"embeddable":true,"href":"https:\/\/blog.pressler-online.de\/index.php?rest_route=\/wp\/v2\/users\/2"}],"replies":[{"embeddable":true,"href":"https:\/\/blog.pressler-online.de\/index.php?rest_route=%2Fwp%2Fv2%2Fcomments&post=341"}],"version-history":[{"count":0,"href":"https:\/\/blog.pressler-online.de\/index.php?rest_route=\/wp\/v2\/posts\/341\/revisions"}],"wp:attachment":[{"href":"https:\/\/blog.pressler-online.de\/index.php?rest_route=%2Fwp%2Fv2%2Fmedia&parent=341"}],"wp:term":[{"taxonomy":"category","embeddable":true,"href":"https:\/\/blog.pressler-online.de\/index.php?rest_route=%2Fwp%2Fv2%2Fcategories&post=341"},{"taxonomy":"post_tag","embeddable":true,"href":"https:\/\/blog.pressler-online.de\/index.php?rest_route=%2Fwp%2Fv2%2Ftags&post=341"}],"curies":[{"name":"wp","href":"https:\/\/api.w.org\/{rel}","templated":true}]}}