{"id":337,"date":"2009-02-02T13:26:00","date_gmt":"2009-02-02T11:26:00","guid":{"rendered":"https:\/\/blog.pressler-online.de\/?p=337"},"modified":"2009-02-02T13:26:00","modified_gmt":"2009-02-02T11:26:00","slug":"krimml-tag-2","status":"publish","type":"post","link":"https:\/\/blog.pressler-online.de\/?p=337","title":{"rendered":"Krimml Tag 2"},"content":{"rendered":"<p><a href=\"http:\/\/4.bp.blogspot.com\/_3VqAobEJM-A\/Sa-3Ndgl26I\/AAAAAAAAAc0\/l8IDZNe7BEk\/s1600-h\/IMG_3993.JPG\" rel=\"lightbox[337]\"><img decoding=\"async\" style=\"margin: 0px auto 10px; display: block; text-align: center; cursor: pointer; width: 400px; height: 266px;\" src=\"http:\/\/4.bp.blogspot.com\/_3VqAobEJM-A\/Sa-3Ndgl26I\/AAAAAAAAAc0\/l8IDZNe7BEk\/s400\/IMG_3993.JPG\" alt=\"\" id=\"BLOGGER_PHOTO_ID_5309663927580613538\" border=\"0\" \/><\/a>F\u00f6n &#8211; das bedeutet in den Bergen in der Regel, sch\u00f6nes Wetter, Sonne, aber auch recht warm. Das sollte dann auch das Wetter f\u00fcr die restliche Woche werden.<\/p>\n<div style=\"text-align: justify;\">Nach einem kleinen Morgenspaziergang durch Krimml und Umgebung hatten wir uns mit der restlichen Mannschaft zum Mittagessen in Hochkrimmel verabredet. Hier sollte Philipp das erste Mal so richtig auf seinen kleinen Mini-Skiern auf richtigem Schnee rumrutschen. Gespannt wie dieser Versuch ausgehen w\u00fcrde, haben wir uns die Serpentinen Richtung Hochkrimmel hoch gequ\u00e4lt.<br \/>Philipp von zu Hause schon an Skischuh und Ski gew\u00f6hnt konnte es zur Freude der Eltern kaum abwarten auf die Piste zu kommen.<\/p>\n<p>Und dann wurde es f\u00fcr Mama und Papa sehr sehr anstrengend \ud83d\ude42<\/div>\n<p><\/p>\n<div style=\"text-align: justify;\">Da er ja mit seinen 2 1\/2 Jahren sich noch nicht alleine auf Skiern halten kann, war es unsere Aufgabe ihn einen kleinen H\u00fcgel hoch zu tragen um anschlie\u00dfend mit einer Hand an der Jacke diesen H\u00fcgel wieder runter zu rennen. Philipp war von anfang an begeistert, was er dann auch mit einem freudigen &#8222;NOCHMAL !!&#8220; kund tat.<\/p>\n<p>Auf alle F\u00e4lle k\u00f6nnen wir diesen ersten Ski-Versuch von Philipp als vollen Erfolg werten und es besteht berechtigt Hoffnung, dass aus ihm mal ein begeisterter Skifahrer wird.<\/div>\n","protected":false},"excerpt":{"rendered":"<p>F\u00f6n &#8211; das bedeutet in den Bergen in der Regel, sch\u00f6nes Wetter, Sonne, aber auch recht warm. Das sollte dann auch das Wetter f\u00fcr die restliche Woche werden. Nach einem kleinen Morgenspaziergang durch Krimml und Umgebung hatten wir uns mit der restlichen Mannschaft zum Mittagessen in Hochkrimmel verabredet. Hier sollte Philipp das erste Mal so &hellip; <\/p>\n<p class=\"link-more\"><a href=\"https:\/\/blog.pressler-online.de\/?p=337\" class=\"more-link\"><span class=\"screen-reader-text\">\u201eKrimml Tag 2\u201c <\/span>weiterlesen<\/a><\/p>\n","protected":false},"author":5,"featured_media":0,"comment_status":"open","ping_status":"open","sticky":false,"template":"","format":"standard","meta":{"footnotes":""},"categories":[1],"tags":[],"class_list":["post-337","post","type-post","status-publish","format-standard","hentry","category-allgemein"],"_links":{"self":[{"href":"https:\/\/blog.pressler-online.de\/index.php?rest_route=\/wp\/v2\/posts\/337","targetHints":{"allow":["GET"]}}],"collection":[{"href":"https:\/\/blog.pressler-online.de\/index.php?rest_route=\/wp\/v2\/posts"}],"about":[{"href":"https:\/\/blog.pressler-online.de\/index.php?rest_route=\/wp\/v2\/types\/post"}],"author":[{"embeddable":true,"href":"https:\/\/blog.pressler-online.de\/index.php?rest_route=\/wp\/v2\/users\/5"}],"replies":[{"embeddable":true,"href":"https:\/\/blog.pressler-online.de\/index.php?rest_route=%2Fwp%2Fv2%2Fcomments&post=337"}],"version-history":[{"count":0,"href":"https:\/\/blog.pressler-online.de\/index.php?rest_route=\/wp\/v2\/posts\/337\/revisions"}],"wp:attachment":[{"href":"https:\/\/blog.pressler-online.de\/index.php?rest_route=%2Fwp%2Fv2%2Fmedia&parent=337"}],"wp:term":[{"taxonomy":"category","embeddable":true,"href":"https:\/\/blog.pressler-online.de\/index.php?rest_route=%2Fwp%2Fv2%2Fcategories&post=337"},{"taxonomy":"post_tag","embeddable":true,"href":"https:\/\/blog.pressler-online.de\/index.php?rest_route=%2Fwp%2Fv2%2Ftags&post=337"}],"curies":[{"name":"wp","href":"https:\/\/api.w.org\/{rel}","templated":true}]}}