{"id":336,"date":"2009-02-03T13:46:00","date_gmt":"2009-02-03T11:46:00","guid":{"rendered":"https:\/\/blog.pressler-online.de\/?p=336"},"modified":"2009-02-03T13:46:00","modified_gmt":"2009-02-03T11:46:00","slug":"krimml-tag-3","status":"publish","type":"post","link":"https:\/\/blog.pressler-online.de\/?p=336","title":{"rendered":"Krimml Tag 3"},"content":{"rendered":"<p><a href=\"http:\/\/4.bp.blogspot.com\/_3VqAobEJM-A\/Sa-8HT7xCzI\/AAAAAAAAAdE\/LGlrTd8K1x0\/s1600-h\/boarder2.jpg\" rel=\"lightbox[336]\"><img decoding=\"async\" style=\"margin: 0px auto 10px; display: block; text-align: center; cursor: pointer; width: 400px; height: 300px;\" src=\"http:\/\/4.bp.blogspot.com\/_3VqAobEJM-A\/Sa-8HT7xCzI\/AAAAAAAAAdE\/LGlrTd8K1x0\/s400\/boarder2.jpg\" alt=\"\" id=\"BLOGGER_PHOTO_ID_5309669319489162034\" border=\"0\" \/><\/a>Rituale braucht man und das Ritual von Philipp war jeden morgen das Gleiche.<br \/>Nach dem Aufwachen hat er sich erst einmal in seinem Kinderbett gestellt, den Vorhang zur\u00fcck gezogen um erleichtert festzustellen, dass noch Schnee im Garten lag. Danach folgte der Satz &#8222;Wo ist denn der Richi ??&#8220; &#8211; Mama und Papa waren v\u00f6llig abgemeldet \ud83d\ude42<\/p>\n<p>Wieder ein sch\u00f6ner sonniger Tag und w\u00e4hrend Anne &#038; Co. Richtung Skigebiet aufgebrochen sind, standen bei Philipp, Chrissi und mir die Besichtigung der Krimmler Wasserf\u00e4lle auf dem Programm. Zwar st\u00fcrzt im Winter verst\u00e4ndlicherweise nicht so viel Wasser \u00fcber die F\u00e4lle, aber durch die kalten Wochen hatten sich beeindruckte Eisw\u00e4nde gebildet und Philipp (und auch wir) kamen nicht mehr aus dem Staunen raus.<br \/>Gegen Mittag sind wir dann wieder nach Hochkrimml gefahren. Moni &#038; Beate hatten sich bereit erkl\u00e4rt einen Nachmittag f\u00fcr uns zu opfern und auf Philipp aufzupassen. Chrissi und ich nutzen die Gunst der Stunde, um das erste Mal seit 3 Jahren wieder gemeinsam Ski zu fahren &#8211; ach war das sch\u00f6n *seufz*. An dieser Stelle vielen Dank f\u00fcrs Babysitten.<br \/>Allerdings wurde der Nachmittag schamlos dazu ausgenutzt um Philipp zu einem Boarder zu erziehen \ud83d\ude42<\/p>\n","protected":false},"excerpt":{"rendered":"<p>Rituale braucht man und das Ritual von Philipp war jeden morgen das Gleiche.Nach dem Aufwachen hat er sich erst einmal in seinem Kinderbett gestellt, den Vorhang zur\u00fcck gezogen um erleichtert festzustellen, dass noch Schnee im Garten lag. Danach folgte der Satz &#8222;Wo ist denn der Richi ??&#8220; &#8211; Mama und Papa waren v\u00f6llig abgemeldet \ud83d\ude42 &hellip; <\/p>\n<p class=\"link-more\"><a href=\"https:\/\/blog.pressler-online.de\/?p=336\" class=\"more-link\"><span class=\"screen-reader-text\">\u201eKrimml Tag 3\u201c <\/span>weiterlesen<\/a><\/p>\n","protected":false},"author":5,"featured_media":0,"comment_status":"open","ping_status":"open","sticky":false,"template":"","format":"standard","meta":{"footnotes":""},"categories":[1],"tags":[],"class_list":["post-336","post","type-post","status-publish","format-standard","hentry","category-allgemein"],"_links":{"self":[{"href":"https:\/\/blog.pressler-online.de\/index.php?rest_route=\/wp\/v2\/posts\/336","targetHints":{"allow":["GET"]}}],"collection":[{"href":"https:\/\/blog.pressler-online.de\/index.php?rest_route=\/wp\/v2\/posts"}],"about":[{"href":"https:\/\/blog.pressler-online.de\/index.php?rest_route=\/wp\/v2\/types\/post"}],"author":[{"embeddable":true,"href":"https:\/\/blog.pressler-online.de\/index.php?rest_route=\/wp\/v2\/users\/5"}],"replies":[{"embeddable":true,"href":"https:\/\/blog.pressler-online.de\/index.php?rest_route=%2Fwp%2Fv2%2Fcomments&post=336"}],"version-history":[{"count":0,"href":"https:\/\/blog.pressler-online.de\/index.php?rest_route=\/wp\/v2\/posts\/336\/revisions"}],"wp:attachment":[{"href":"https:\/\/blog.pressler-online.de\/index.php?rest_route=%2Fwp%2Fv2%2Fmedia&parent=336"}],"wp:term":[{"taxonomy":"category","embeddable":true,"href":"https:\/\/blog.pressler-online.de\/index.php?rest_route=%2Fwp%2Fv2%2Fcategories&post=336"},{"taxonomy":"post_tag","embeddable":true,"href":"https:\/\/blog.pressler-online.de\/index.php?rest_route=%2Fwp%2Fv2%2Ftags&post=336"}],"curies":[{"name":"wp","href":"https:\/\/api.w.org\/{rel}","templated":true}]}}