{"id":268,"date":"2009-09-22T21:42:00","date_gmt":"2009-09-22T19:42:00","guid":{"rendered":"https:\/\/blog.pressler-online.de\/?p=268"},"modified":"2009-09-22T21:42:00","modified_gmt":"2009-09-22T19:42:00","slug":"das-bin-ich-luisa","status":"publish","type":"post","link":"https:\/\/blog.pressler-online.de\/?p=268","title":{"rendered":"Das bin ich &#8211; Luisa &#8230;"},"content":{"rendered":"<p><a href=\"http:\/\/2.bp.blogspot.com\/_3a70w9LK0qs\/Srkotpksi5I\/AAAAAAAABAQ\/inEAFm64-Ec\/s1600-h\/Dickbauch.jpg\" rel=\"lightbox[268]\"><img decoding=\"async\" style=\"margin: 0px auto 10px; display: block; text-align: center; cursor: pointer; width: 267px; height: 400px;\" src=\"http:\/\/2.bp.blogspot.com\/_3a70w9LK0qs\/Srkotpksi5I\/AAAAAAAABAQ\/inEAFm64-Ec\/s400\/Dickbauch.jpg\" alt=\"\" id=\"BLOGGER_PHOTO_ID_5384379594217130898\" border=\"0\" \/><\/a>&#8230; aber noch mehr oder weniger versteckt in dem dezenten Bauch von meiner Mama. Sieht aus, als ob er wirklich gleich platzen w\u00fcrde &#8211; bei Traum-Ma\u00dfen von 1,11 m!! Ja in 10 Tagen soll es soweit sein. Der errechnete Geburtstermin ist der 02.10.09 und ich hoffe, da\u00df wir zumindest nicht so lange warten m\u00fcssen.<br \/>Anscheinend ist unsere Luisa ein Nachtmensch, denn wenn ich abends ruhig auf der Couch sitze, dann geht die Party im Bauch los!! Gestern nacht als ich schlief hat Michael die Hand auf meinen Bauch gelegt und festgestellt, da\u00df sie eine heimliche Fruchtwasser-Party feierte!! Ich hoffe, da\u00df sich das bald nach der Geburt legt und die N\u00e4chte ruhiger werden, denn schlafen tu ich nicht mehr wirklich tief und fest. Aber ansonsten kann ich mich nicht beklagen &#8211; mir gehts gut.<br \/>Dann dr\u00fcckt alle die Daumen, da\u00df die Geburt gut verl\u00e4uft und wir bald einen kleinen gesunden Erdenb\u00fcrger in den Armen halten d\u00fcrfen.<\/p>\n","protected":false},"excerpt":{"rendered":"<p>&#8230; aber noch mehr oder weniger versteckt in dem dezenten Bauch von meiner Mama. Sieht aus, als ob er wirklich gleich platzen w\u00fcrde &#8211; bei Traum-Ma\u00dfen von 1,11 m!! Ja in 10 Tagen soll es soweit sein. Der errechnete Geburtstermin ist der 02.10.09 und ich hoffe, da\u00df wir zumindest nicht so lange warten m\u00fcssen.Anscheinend ist &hellip; <\/p>\n<p class=\"link-more\"><a href=\"https:\/\/blog.pressler-online.de\/?p=268\" class=\"more-link\"><span class=\"screen-reader-text\">\u201eDas bin ich &#8211; Luisa &#8230;\u201c <\/span>weiterlesen<\/a><\/p>\n","protected":false},"author":2,"featured_media":0,"comment_status":"open","ping_status":"open","sticky":false,"template":"","format":"standard","meta":{"footnotes":""},"categories":[1],"tags":[],"class_list":["post-268","post","type-post","status-publish","format-standard","hentry","category-allgemein"],"_links":{"self":[{"href":"https:\/\/blog.pressler-online.de\/index.php?rest_route=\/wp\/v2\/posts\/268","targetHints":{"allow":["GET"]}}],"collection":[{"href":"https:\/\/blog.pressler-online.de\/index.php?rest_route=\/wp\/v2\/posts"}],"about":[{"href":"https:\/\/blog.pressler-online.de\/index.php?rest_route=\/wp\/v2\/types\/post"}],"author":[{"embeddable":true,"href":"https:\/\/blog.pressler-online.de\/index.php?rest_route=\/wp\/v2\/users\/2"}],"replies":[{"embeddable":true,"href":"https:\/\/blog.pressler-online.de\/index.php?rest_route=%2Fwp%2Fv2%2Fcomments&post=268"}],"version-history":[{"count":0,"href":"https:\/\/blog.pressler-online.de\/index.php?rest_route=\/wp\/v2\/posts\/268\/revisions"}],"wp:attachment":[{"href":"https:\/\/blog.pressler-online.de\/index.php?rest_route=%2Fwp%2Fv2%2Fmedia&parent=268"}],"wp:term":[{"taxonomy":"category","embeddable":true,"href":"https:\/\/blog.pressler-online.de\/index.php?rest_route=%2Fwp%2Fv2%2Fcategories&post=268"},{"taxonomy":"post_tag","embeddable":true,"href":"https:\/\/blog.pressler-online.de\/index.php?rest_route=%2Fwp%2Fv2%2Ftags&post=268"}],"curies":[{"name":"wp","href":"https:\/\/api.w.org\/{rel}","templated":true}]}}