{"id":222,"date":"2010-01-15T12:12:00","date_gmt":"2010-01-15T10:12:00","guid":{"rendered":"https:\/\/blog.pressler-online.de\/?p=222"},"modified":"2010-01-15T12:12:00","modified_gmt":"2010-01-15T10:12:00","slug":"auf-vettels-spuren","status":"publish","type":"post","link":"https:\/\/blog.pressler-online.de\/?p=222","title":{"rendered":"Auf Vettel&#8217;s Spuren"},"content":{"rendered":"<p><a href=\"http:\/\/1.bp.blogspot.com\/_3a70w9LK0qs\/S4ZNCMKMXeI\/AAAAAAAABEA\/MJ06xqC048s\/s1600-h\/20100108_KartVonVettel.jpg\" rel=\"lightbox[222]\"><img decoding=\"async\" style=\"display: block; margin: 0px auto 10px; text-align: center; cursor: pointer; width: 400px; height: 300px;\" src=\"http:\/\/1.bp.blogspot.com\/_3a70w9LK0qs\/S4ZNCMKMXeI\/AAAAAAAABEA\/MJ06xqC048s\/s400\/20100108_KartVonVettel.jpg\" alt=\"\" id=\"BLOGGER_PHOTO_ID_5442121899742879202\" border=\"0\" \/><\/a>Heute fand in der Sparkasse Heppenheim eine kleine Ausstellung \u00fcber Sebastian Vettel statt und da ich eh noch das Konto pl\u00fcndern wollte habe ich das Angenehme mit dem Angenehmen verbunden und bin mit Philipp &#038; Luisa im Gep\u00e4ck los marschiert.<br \/>Neben Helm, Rennanz\u00fcgen aus Kindertagen war auch das Kart ausgestellt mit dem Sebastian Vettel seine ersten Erfolge gefeiert hat.<br \/>Als der Sparkassen Mitarbeiter die leuchtenden Augen von Philipp sah durfte sich Philipp trotz Absperrung einmal in das Kart setzen. Das es ihn ziemlich viel Spa\u00df gemacht hat, kann man unschwer an seinem Gesicht ablesen &#8211; und obwohl die Beine noch etwas zu kurz f\u00fcr das Gaspedal und Bremse sind mach er schon ein recht ordentliche Figur. Schauen wir mal \ud83d\ude42<\/p>\n","protected":false},"excerpt":{"rendered":"<p>Heute fand in der Sparkasse Heppenheim eine kleine Ausstellung \u00fcber Sebastian Vettel statt und da ich eh noch das Konto pl\u00fcndern wollte habe ich das Angenehme mit dem Angenehmen verbunden und bin mit Philipp &#038; Luisa im Gep\u00e4ck los marschiert.Neben Helm, Rennanz\u00fcgen aus Kindertagen war auch das Kart ausgestellt mit dem Sebastian Vettel seine ersten &hellip; <\/p>\n<p class=\"link-more\"><a href=\"https:\/\/blog.pressler-online.de\/?p=222\" class=\"more-link\"><span class=\"screen-reader-text\">\u201eAuf Vettel&#8217;s Spuren\u201c <\/span>weiterlesen<\/a><\/p>\n","protected":false},"author":2,"featured_media":0,"comment_status":"open","ping_status":"open","sticky":false,"template":"","format":"standard","meta":{"footnotes":""},"categories":[1],"tags":[],"class_list":["post-222","post","type-post","status-publish","format-standard","hentry","category-allgemein"],"_links":{"self":[{"href":"https:\/\/blog.pressler-online.de\/index.php?rest_route=\/wp\/v2\/posts\/222","targetHints":{"allow":["GET"]}}],"collection":[{"href":"https:\/\/blog.pressler-online.de\/index.php?rest_route=\/wp\/v2\/posts"}],"about":[{"href":"https:\/\/blog.pressler-online.de\/index.php?rest_route=\/wp\/v2\/types\/post"}],"author":[{"embeddable":true,"href":"https:\/\/blog.pressler-online.de\/index.php?rest_route=\/wp\/v2\/users\/2"}],"replies":[{"embeddable":true,"href":"https:\/\/blog.pressler-online.de\/index.php?rest_route=%2Fwp%2Fv2%2Fcomments&post=222"}],"version-history":[{"count":0,"href":"https:\/\/blog.pressler-online.de\/index.php?rest_route=\/wp\/v2\/posts\/222\/revisions"}],"wp:attachment":[{"href":"https:\/\/blog.pressler-online.de\/index.php?rest_route=%2Fwp%2Fv2%2Fmedia&parent=222"}],"wp:term":[{"taxonomy":"category","embeddable":true,"href":"https:\/\/blog.pressler-online.de\/index.php?rest_route=%2Fwp%2Fv2%2Fcategories&post=222"},{"taxonomy":"post_tag","embeddable":true,"href":"https:\/\/blog.pressler-online.de\/index.php?rest_route=%2Fwp%2Fv2%2Ftags&post=222"}],"curies":[{"name":"wp","href":"https:\/\/api.w.org\/{rel}","templated":true}]}}