{"id":198,"date":"2010-03-20T00:36:00","date_gmt":"2010-03-19T22:36:00","guid":{"rendered":"https:\/\/blog.pressler-online.de\/?p=198"},"modified":"2010-03-20T00:36:00","modified_gmt":"2010-03-19T22:36:00","slug":"philipp-der-heizer","status":"publish","type":"post","link":"https:\/\/blog.pressler-online.de\/?p=198","title":{"rendered":"Philipp der Heizer"},"content":{"rendered":"<p><a href=\"http:\/\/2.bp.blogspot.com\/_3VqAobEJM-A\/S9ITDa48ocI\/AAAAAAAAAtg\/Nib97Ns0gaI\/s1600\/2010_03_19_Heizer+Philipp.jpg\" rel=\"lightbox[198]\"><img decoding=\"async\" style=\"margin: 0px auto 10px; display: block; text-align: center; cursor: pointer; width: 400px; height: 266px;\" src=\"http:\/\/2.bp.blogspot.com\/_3VqAobEJM-A\/S9ITDa48ocI\/AAAAAAAAAtg\/Nib97Ns0gaI\/s400\/2010_03_19_Heizer+Philipp.jpg\" alt=\"\" id=\"BLOGGER_PHOTO_ID_5463450247432544706\" border=\"0\" \/><\/a>Heute war das Letzte. Das letzte mal Skifahren, das letzte mal Skikurs von Philipp. Aber auch das erste &#8222;gro\u00dfe&#8220; Skirennen f\u00fcr unseren Sohn. P\u00fcnktlich um 10:oo Uhr ging es los. Jedes Kind bekam ein Leibchen mit einer Nummer, selbst ein Kommentator f\u00fcr das Rennen gab es &#8211; der Chef h\u00f6chstpers\u00f6nlich. Jetzt konnten die Kinder zeigen was sie in den letzten Tagen alles gelernt hatten.<br \/>Mit einem affenzahn raste Philipp die Piste runter, durchfuhr souver\u00e4n das Kuh-Tor und kam mit einer fast perfekten Pizza an der Ziellinie zum Stehen. Super gemacht!!!<br \/>Am Nachmittag gab es dann die offizielle Siegesfeier mit Medallie und Urkunde. Da war einer mega-stolz. Die Mama war auch ganz hin und weg von ihrem Ski-Hasen. Anschlie\u00dfend hie\u00df es dann Skier abgeben, was Philipp sichtlich schwer viel &#8211; (zumal Chrissi ihre Leih-Ski gekauft hat). Daran merkten wir endlich, da\u00df es ihm wirklich gefallen hat. Er ging zwar immer brav zum Skikurs aber weder mit einer freudigen noch mit einer widerwilligen Einstellung. Wir waren uns nicht ganz sicher, ob es ihm Spa\u00df macht.<\/p>\n<p>Aber auch der sch\u00f6nste Urlaub geht leider irgendwann einmal zu Ende. Am Abend sind wir dann noch mit versammelter Mannschaft zum Abschlussessen in die L\u00fcrzer Alm und f\u00fcr Papa gab es die weltbesten Spareribs &#8211; mmmh lecker. Philipp war so m\u00fcde, da\u00df er schon VOR dem Abendessen eingeschlafen ist und dann von mir nach Hause getragen wurde.<\/p>\n","protected":false},"excerpt":{"rendered":"<p>Heute war das Letzte. Das letzte mal Skifahren, das letzte mal Skikurs von Philipp. Aber auch das erste &#8222;gro\u00dfe&#8220; Skirennen f\u00fcr unseren Sohn. P\u00fcnktlich um 10:oo Uhr ging es los. Jedes Kind bekam ein Leibchen mit einer Nummer, selbst ein Kommentator f\u00fcr das Rennen gab es &#8211; der Chef h\u00f6chstpers\u00f6nlich. Jetzt konnten die Kinder zeigen &hellip; <\/p>\n<p class=\"link-more\"><a href=\"https:\/\/blog.pressler-online.de\/?p=198\" class=\"more-link\"><span class=\"screen-reader-text\">\u201ePhilipp der Heizer\u201c <\/span>weiterlesen<\/a><\/p>\n","protected":false},"author":5,"featured_media":0,"comment_status":"open","ping_status":"open","sticky":false,"template":"","format":"standard","meta":{"footnotes":""},"categories":[1],"tags":[],"class_list":["post-198","post","type-post","status-publish","format-standard","hentry","category-allgemein"],"_links":{"self":[{"href":"https:\/\/blog.pressler-online.de\/index.php?rest_route=\/wp\/v2\/posts\/198","targetHints":{"allow":["GET"]}}],"collection":[{"href":"https:\/\/blog.pressler-online.de\/index.php?rest_route=\/wp\/v2\/posts"}],"about":[{"href":"https:\/\/blog.pressler-online.de\/index.php?rest_route=\/wp\/v2\/types\/post"}],"author":[{"embeddable":true,"href":"https:\/\/blog.pressler-online.de\/index.php?rest_route=\/wp\/v2\/users\/5"}],"replies":[{"embeddable":true,"href":"https:\/\/blog.pressler-online.de\/index.php?rest_route=%2Fwp%2Fv2%2Fcomments&post=198"}],"version-history":[{"count":0,"href":"https:\/\/blog.pressler-online.de\/index.php?rest_route=\/wp\/v2\/posts\/198\/revisions"}],"wp:attachment":[{"href":"https:\/\/blog.pressler-online.de\/index.php?rest_route=%2Fwp%2Fv2%2Fmedia&parent=198"}],"wp:term":[{"taxonomy":"category","embeddable":true,"href":"https:\/\/blog.pressler-online.de\/index.php?rest_route=%2Fwp%2Fv2%2Fcategories&post=198"},{"taxonomy":"post_tag","embeddable":true,"href":"https:\/\/blog.pressler-online.de\/index.php?rest_route=%2Fwp%2Fv2%2Ftags&post=198"}],"curies":[{"name":"wp","href":"https:\/\/api.w.org\/{rel}","templated":true}]}}