{"id":174,"date":"2010-06-21T23:45:00","date_gmt":"2010-06-21T21:45:00","guid":{"rendered":"https:\/\/blog.pressler-online.de\/?p=174"},"modified":"2010-06-21T23:45:00","modified_gmt":"2010-06-21T21:45:00","slug":"zeit-zum-ankommen","status":"publish","type":"post","link":"https:\/\/blog.pressler-online.de\/?p=174","title":{"rendered":"Zeit zum Ankommen"},"content":{"rendered":"<p><a href=\"http:\/\/4.bp.blogspot.com\/_3a70w9LK0qs\/TDuNLYpV7PI\/AAAAAAAABJA\/qua0UtcFRoQ\/s1600\/2010_06_21_1930_1+Wo+ist+das+Meer.jpg\" rel=\"lightbox[174]\"><img decoding=\"async\" style=\"display: block; margin: 0px auto 10px; text-align: center; cursor: pointer; width: 400px; height: 267px;\" src=\"http:\/\/4.bp.blogspot.com\/_3a70w9LK0qs\/TDuNLYpV7PI\/AAAAAAAABJA\/qua0UtcFRoQ\/s400\/2010_06_21_1930_1+Wo+ist+das+Meer.jpg\" alt=\"\" id=\"BLOGGER_PHOTO_ID_5493139397242383602\" border=\"0\" \/><\/a>Mann oh Mann was f\u00fcr ein Wetter &#8211; eigentlich dachte ich, wir fahren in SOMMER-Urlaub!!!<br \/>Wir rennen hier mit unseren dicken Jacken rum und der Wind ist echt krass.<br \/>Als kleiner Ausgleich haben haben unsere Kinder (beide!!) bis um 8 Uhr geschlafen &#8211; das war schon mal nicht schlecht f\u00fcr den Anfang.  Wir sind gestern ja auch sp\u00e4ter ins Bett als normal. Unser Philipp hat sich heute morgen (OHNE AUFFORDERUNG) auch ziemlich schnell angezogen, weil er n\u00e4mlich der Br\u00f6tchen-Hol-Meister ist :-). Das Wetter soll sich zwar in den kommenden Tagen bessern, aber heute waren noch lange Hosen und Jacken angesagt.<br \/>Es war bew\u00f6lkt und der Wind noch recht k\u00fchl. Philipp mit seinem Fahrrad und wir zu Fu\u00df mit Kinderwagen ging es dann zum ersten Strandtag. Die meiste Zeit haben wir an der Wasser-spielburg am Strand verbracht. Philipp in Gummistiefel und Matschhose hat kr\u00e4ftig Wasser gepumpt und geschaufelt. Zum Mittagessen gab es dann die ersten Krabben. Anschlie\u00dfend noch den Kurpark und ein Spielplatz angetestet und schon war unser erster Urlaubstag vorbei. Abschluss war, wie sollte es anders sein, auf dem Trampolin vor unserer Ferienwohnung und dann drinne beim Fu\u00dfball-gucken, denn es sind mal wieder 4 Jahre vergangen &#8211; es ist Fu\u00dfball-WM!!<\/p>\n","protected":false},"excerpt":{"rendered":"<p>Mann oh Mann was f\u00fcr ein Wetter &#8211; eigentlich dachte ich, wir fahren in SOMMER-Urlaub!!!Wir rennen hier mit unseren dicken Jacken rum und der Wind ist echt krass.Als kleiner Ausgleich haben haben unsere Kinder (beide!!) bis um 8 Uhr geschlafen &#8211; das war schon mal nicht schlecht f\u00fcr den Anfang. Wir sind gestern ja auch &hellip; <\/p>\n<p class=\"link-more\"><a href=\"https:\/\/blog.pressler-online.de\/?p=174\" class=\"more-link\"><span class=\"screen-reader-text\">\u201eZeit zum Ankommen\u201c <\/span>weiterlesen<\/a><\/p>\n","protected":false},"author":2,"featured_media":0,"comment_status":"open","ping_status":"open","sticky":false,"template":"","format":"standard","meta":{"footnotes":""},"categories":[1],"tags":[],"class_list":["post-174","post","type-post","status-publish","format-standard","hentry","category-allgemein"],"_links":{"self":[{"href":"https:\/\/blog.pressler-online.de\/index.php?rest_route=\/wp\/v2\/posts\/174","targetHints":{"allow":["GET"]}}],"collection":[{"href":"https:\/\/blog.pressler-online.de\/index.php?rest_route=\/wp\/v2\/posts"}],"about":[{"href":"https:\/\/blog.pressler-online.de\/index.php?rest_route=\/wp\/v2\/types\/post"}],"author":[{"embeddable":true,"href":"https:\/\/blog.pressler-online.de\/index.php?rest_route=\/wp\/v2\/users\/2"}],"replies":[{"embeddable":true,"href":"https:\/\/blog.pressler-online.de\/index.php?rest_route=%2Fwp%2Fv2%2Fcomments&post=174"}],"version-history":[{"count":0,"href":"https:\/\/blog.pressler-online.de\/index.php?rest_route=\/wp\/v2\/posts\/174\/revisions"}],"wp:attachment":[{"href":"https:\/\/blog.pressler-online.de\/index.php?rest_route=%2Fwp%2Fv2%2Fmedia&parent=174"}],"wp:term":[{"taxonomy":"category","embeddable":true,"href":"https:\/\/blog.pressler-online.de\/index.php?rest_route=%2Fwp%2Fv2%2Fcategories&post=174"},{"taxonomy":"post_tag","embeddable":true,"href":"https:\/\/blog.pressler-online.de\/index.php?rest_route=%2Fwp%2Fv2%2Ftags&post=174"}],"curies":[{"name":"wp","href":"https:\/\/api.w.org\/{rel}","templated":true}]}}