{"id":173,"date":"2010-06-22T20:40:00","date_gmt":"2010-06-22T18:40:00","guid":{"rendered":"https:\/\/blog.pressler-online.de\/?p=173"},"modified":"2010-06-22T20:40:00","modified_gmt":"2010-06-22T18:40:00","slug":"seeluft-macht-mude","status":"publish","type":"post","link":"https:\/\/blog.pressler-online.de\/?p=173","title":{"rendered":"Seeluft macht m\u00fcde"},"content":{"rendered":"<p><a href=\"http:\/\/1.bp.blogspot.com\/_3VqAobEJM-A\/TEiRPJLiHwI\/AAAAAAAAAuM\/RCtZjEXUzP8\/s1600\/2010_06_22+erster+Strandtag.jpg\" rel=\"lightbox[173]\"><img decoding=\"async\" style=\"display: block; margin: 0px auto 10px; text-align: center; cursor: pointer; width: 300px; height: 400px;\" src=\"http:\/\/1.bp.blogspot.com\/_3VqAobEJM-A\/TEiRPJLiHwI\/AAAAAAAAAuM\/RCtZjEXUzP8\/s400\/2010_06_22+erster+Strandtag.jpg\" alt=\"\" id=\"BLOGGER_PHOTO_ID_5496803034554048258\" border=\"0\" \/><\/a><\/p>\n<div style=\"text-align: justify;\">Unsere Kinder haben und bis fast 8:30 schlafen lassen. Philipp hat wie gestern schon von selbst die Br\u00f6tchen aus dem Br\u00f6tcheneimer im Hof geholt und nach einem ausgiebigen Fr\u00fchst\u00fcck ging es ab an den Strand.<br \/>Philipp wie immer mit dem Fahrrad und wir haben uns dieses mal die Inliner untergeschnallt.<br \/>Am Strand angekommen, haben wir uns erst einmal f\u00fcr eine Woche einen Strandkorb gemietet damit wir Philipp&#8217;s Strandwerkzeug nicht jeden Tag hin- und her schleifen m\u00fcssen.<br \/>Die meiste Zeit hat Philipp wieder in der Wasserspielburg verbracht. Heute war es schon eine ganze Ecke w\u00e4rmer und die Matschhose konnte gegen die Badehose getauscht werden. Das Watt bei Ebbe fand Philipp jetzt nicht so prickelnd, er muss sich wohl erst noch an den glitschigen Schlick gew\u00f6hnen, aber wir haben ja noch ein paar Tage. Am Nachmittag wurde auch noch einen ersten Ansatz einer Sandburg geschaufelt und Papa Michael hat sich m\u00e4chtig die F\u00fc\u00dfe verbrannt.<br \/>Am Abend hat Chrissi mit Luisa noch eine Runde mit den Inlinern gedreht (Kommentar Chrissi: Wir sind ne ganze Stunde geskatet &#8211; ich mit Kinderwagen und wir haben sogar eine Pferdekutsche \u00fcberholt! Und das ohne Training), w\u00e4hrend Philipp das Trampolien maltretiert und ich mich um das Abendessen gek\u00fcmmert habe.<\/div>\n","protected":false},"excerpt":{"rendered":"<p>Unsere Kinder haben und bis fast 8:30 schlafen lassen. Philipp hat wie gestern schon von selbst die Br\u00f6tchen aus dem Br\u00f6tcheneimer im Hof geholt und nach einem ausgiebigen Fr\u00fchst\u00fcck ging es ab an den Strand.Philipp wie immer mit dem Fahrrad und wir haben uns dieses mal die Inliner untergeschnallt.Am Strand angekommen, haben wir uns erst &hellip; <\/p>\n<p class=\"link-more\"><a href=\"https:\/\/blog.pressler-online.de\/?p=173\" class=\"more-link\"><span class=\"screen-reader-text\">\u201eSeeluft macht m\u00fcde\u201c <\/span>weiterlesen<\/a><\/p>\n","protected":false},"author":5,"featured_media":0,"comment_status":"open","ping_status":"open","sticky":false,"template":"","format":"standard","meta":{"footnotes":""},"categories":[1],"tags":[],"class_list":["post-173","post","type-post","status-publish","format-standard","hentry","category-allgemein"],"_links":{"self":[{"href":"https:\/\/blog.pressler-online.de\/index.php?rest_route=\/wp\/v2\/posts\/173","targetHints":{"allow":["GET"]}}],"collection":[{"href":"https:\/\/blog.pressler-online.de\/index.php?rest_route=\/wp\/v2\/posts"}],"about":[{"href":"https:\/\/blog.pressler-online.de\/index.php?rest_route=\/wp\/v2\/types\/post"}],"author":[{"embeddable":true,"href":"https:\/\/blog.pressler-online.de\/index.php?rest_route=\/wp\/v2\/users\/5"}],"replies":[{"embeddable":true,"href":"https:\/\/blog.pressler-online.de\/index.php?rest_route=%2Fwp%2Fv2%2Fcomments&post=173"}],"version-history":[{"count":0,"href":"https:\/\/blog.pressler-online.de\/index.php?rest_route=\/wp\/v2\/posts\/173\/revisions"}],"wp:attachment":[{"href":"https:\/\/blog.pressler-online.de\/index.php?rest_route=%2Fwp%2Fv2%2Fmedia&parent=173"}],"wp:term":[{"taxonomy":"category","embeddable":true,"href":"https:\/\/blog.pressler-online.de\/index.php?rest_route=%2Fwp%2Fv2%2Fcategories&post=173"},{"taxonomy":"post_tag","embeddable":true,"href":"https:\/\/blog.pressler-online.de\/index.php?rest_route=%2Fwp%2Fv2%2Ftags&post=173"}],"curies":[{"name":"wp","href":"https:\/\/api.w.org\/{rel}","templated":true}]}}