{"id":155,"date":"2010-08-02T21:05:00","date_gmt":"2010-08-02T19:05:00","guid":{"rendered":"https:\/\/blog.pressler-online.de\/?p=155"},"modified":"2010-08-02T21:05:00","modified_gmt":"2010-08-02T19:05:00","slug":"im-vivarium","status":"publish","type":"post","link":"https:\/\/blog.pressler-online.de\/?p=155","title":{"rendered":"Im Vivarium"},"content":{"rendered":"<p><a href=\"http:\/\/1.bp.blogspot.com\/_3a70w9LK0qs\/TJEZPxCKjyI\/AAAAAAAABL0\/7YzObut9LLs\/s1600\/2010_08_02+Vivarium.jpg\" rel=\"lightbox[155]\"><img decoding=\"async\" style=\"display: block; margin: 0px auto 10px; text-align: center; cursor: pointer; width: 300px; height: 400px;\" src=\"http:\/\/1.bp.blogspot.com\/_3a70w9LK0qs\/TJEZPxCKjyI\/AAAAAAAABL0\/7YzObut9LLs\/s400\/2010_08_02+Vivarium.jpg\" alt=\"\" id=\"BLOGGER_PHOTO_ID_5517218777156718370\" border=\"0\" \/><\/a>Heute haben wir uns mit den Zwillingen und Brigitte im Vivarium in Darmstadt verabredet. Es sind ja immer noch Kindergartenferien und au\u00dferdem hat Marco bei uns \u00fcbernachtet, denn die Jungs haben eine Radtour von Limburg nach Heppenheim gemacht und da war die \u00dcbernachtung inclusive &#8211; was den Philipp nat\u00fcrlich sehr gefreut hat. Nach dem Mittagessen haben wir Fahrrad, Kinderwagen und Kinder ins Auto gepackt (Gott sei dank haben wir so ein gro\u00dfes..) und sind losged\u00fcst. Ich war schon sehr lange nicht mehr im Vivarium und es war sehr sch\u00f6n dort. Von K\u00e4nguruhs \u00fcber kleine und gro\u00dfe Schildkr\u00f6ten, Schlangen, Kleinvieh, Affen und Streichelgehege gabs dort alles zu sehen. Nur zum Schlu\u00df auf dem Spielplatz schlug Philipp \u00fcber die Str\u00e4nge &#8211; aber wahrscheinlich war er m\u00fcde, denn er schlief auf dem R\u00fcckweg gaaanz schnell ein &#8211; und Luisa war pflegeleicht wie immer. \u00dcber die Dame k\u00f6nnen wir uns bis jetzt nicht beschweren \ud83d\ude42<\/p>\n","protected":false},"excerpt":{"rendered":"<p>Heute haben wir uns mit den Zwillingen und Brigitte im Vivarium in Darmstadt verabredet. Es sind ja immer noch Kindergartenferien und au\u00dferdem hat Marco bei uns \u00fcbernachtet, denn die Jungs haben eine Radtour von Limburg nach Heppenheim gemacht und da war die \u00dcbernachtung inclusive &#8211; was den Philipp nat\u00fcrlich sehr gefreut hat. Nach dem Mittagessen &hellip; <\/p>\n<p class=\"link-more\"><a href=\"https:\/\/blog.pressler-online.de\/?p=155\" class=\"more-link\"><span class=\"screen-reader-text\">\u201eIm Vivarium\u201c <\/span>weiterlesen<\/a><\/p>\n","protected":false},"author":2,"featured_media":0,"comment_status":"open","ping_status":"open","sticky":false,"template":"","format":"standard","meta":{"footnotes":""},"categories":[1],"tags":[],"class_list":["post-155","post","type-post","status-publish","format-standard","hentry","category-allgemein"],"_links":{"self":[{"href":"https:\/\/blog.pressler-online.de\/index.php?rest_route=\/wp\/v2\/posts\/155","targetHints":{"allow":["GET"]}}],"collection":[{"href":"https:\/\/blog.pressler-online.de\/index.php?rest_route=\/wp\/v2\/posts"}],"about":[{"href":"https:\/\/blog.pressler-online.de\/index.php?rest_route=\/wp\/v2\/types\/post"}],"author":[{"embeddable":true,"href":"https:\/\/blog.pressler-online.de\/index.php?rest_route=\/wp\/v2\/users\/2"}],"replies":[{"embeddable":true,"href":"https:\/\/blog.pressler-online.de\/index.php?rest_route=%2Fwp%2Fv2%2Fcomments&post=155"}],"version-history":[{"count":0,"href":"https:\/\/blog.pressler-online.de\/index.php?rest_route=\/wp\/v2\/posts\/155\/revisions"}],"wp:attachment":[{"href":"https:\/\/blog.pressler-online.de\/index.php?rest_route=%2Fwp%2Fv2%2Fmedia&parent=155"}],"wp:term":[{"taxonomy":"category","embeddable":true,"href":"https:\/\/blog.pressler-online.de\/index.php?rest_route=%2Fwp%2Fv2%2Fcategories&post=155"},{"taxonomy":"post_tag","embeddable":true,"href":"https:\/\/blog.pressler-online.de\/index.php?rest_route=%2Fwp%2Fv2%2Ftags&post=155"}],"curies":[{"name":"wp","href":"https:\/\/api.w.org\/{rel}","templated":true}]}}