{"id":1118,"date":"2013-07-29T23:25:27","date_gmt":"2013-07-29T21:25:27","guid":{"rendered":"https:\/\/blog.pressler-online.de\/?p=1118"},"modified":"2013-07-30T23:29:07","modified_gmt":"2013-07-30T21:29:07","slug":"durchwachsen","status":"publish","type":"post","link":"https:\/\/blog.pressler-online.de\/?p=1118","title":{"rendered":"Durchwachsen"},"content":{"rendered":"<p>Heute haben wir es etwas ruhiger angehen lassen. Nach dem Fr\u00fchst\u00fcck haben wir noch einen Kaffee auf der Terrasse genossen, w\u00e4hrend die Kinder \u00fcber die Wiese geschlichen sind um Grash\u00fcpfer zu fangen. Doch mit der Ruhe war es bald vorbei. Luisa ist barfu\u00df auf eine Wespe getreten, die dann auch gleich zugestochen hat. Den Fu\u00df haben wir gleich gek\u00fchlt aber dennoch hat es eine Weile gedauert bis Luisa sich wieder beruhigt hatte.<br \/>\nWir haben dann noch gewartet bis um 11:00 Uhr die H\u00fchner, Ziegen, Hasen und Meerschweinchen gef\u00fcttert wurden und sind dann Richtung Wei\u00dfensee aufgebrochen. Geplant war eine Rundfahrt auf dem See und eventuell ein kleiner Badeaufenthalt. Doch schon bevor \u00fcberhaupt das Boot abgelegt hatte, zogen die ersten dunklen Wolken auf und p\u00fcnktlich als wir das andere Ende des Sees erreicht hatten fielen die ersten Regentropfen. Also wurde aus dem geplanten Badeaufenthalt ein Mittagessen im Restaurant &#8222;Dolomitenblick&#8220;.<br \/>\nDa keine Wetterbesserung in Sicht war, fuhren wir mit dem n\u00e4chsten Schiff zur\u00fcck. Auf der R\u00fcckfahrt hat  Philipp ein Anna, Ein M\u00e4dchen im gleichen Alter, kennen gelernt und ausgiebig mit ihr &#8222;Schwarzer Peter&#8220; und &#8222;Uno&#8220; spielt, was wirklich sehr lustig und unterhaltsam war. Auf dem Weg zum Auto sind wir dann das erste Mal in diesem Urlaub Nass geworden was aber auch nicht wirklich unangenehm war.<\/p>\n","protected":false},"excerpt":{"rendered":"<p>Heute haben wir es etwas ruhiger angehen lassen. Nach dem Fr\u00fchst\u00fcck haben wir noch einen Kaffee auf der Terrasse genossen, w\u00e4hrend die Kinder \u00fcber die Wiese geschlichen sind um Grash\u00fcpfer zu fangen. Doch mit der Ruhe war es bald vorbei. Luisa ist barfu\u00df auf eine Wespe getreten, die dann auch gleich zugestochen hat. Den Fu\u00df &hellip; <\/p>\n<p class=\"link-more\"><a href=\"https:\/\/blog.pressler-online.de\/?p=1118\" class=\"more-link\"><span class=\"screen-reader-text\">\u201eDurchwachsen\u201c <\/span>weiterlesen<\/a><\/p>\n","protected":false},"author":5,"featured_media":1117,"comment_status":"open","ping_status":"open","sticky":false,"template":"","format":"standard","meta":{"footnotes":""},"categories":[1],"tags":[],"class_list":["post-1118","post","type-post","status-publish","format-standard","has-post-thumbnail","hentry","category-allgemein"],"_links":{"self":[{"href":"https:\/\/blog.pressler-online.de\/index.php?rest_route=\/wp\/v2\/posts\/1118","targetHints":{"allow":["GET"]}}],"collection":[{"href":"https:\/\/blog.pressler-online.de\/index.php?rest_route=\/wp\/v2\/posts"}],"about":[{"href":"https:\/\/blog.pressler-online.de\/index.php?rest_route=\/wp\/v2\/types\/post"}],"author":[{"embeddable":true,"href":"https:\/\/blog.pressler-online.de\/index.php?rest_route=\/wp\/v2\/users\/5"}],"replies":[{"embeddable":true,"href":"https:\/\/blog.pressler-online.de\/index.php?rest_route=%2Fwp%2Fv2%2Fcomments&post=1118"}],"version-history":[{"count":0,"href":"https:\/\/blog.pressler-online.de\/index.php?rest_route=\/wp\/v2\/posts\/1118\/revisions"}],"wp:featuredmedia":[{"embeddable":true,"href":"https:\/\/blog.pressler-online.de\/index.php?rest_route=\/wp\/v2\/media\/1117"}],"wp:attachment":[{"href":"https:\/\/blog.pressler-online.de\/index.php?rest_route=%2Fwp%2Fv2%2Fmedia&parent=1118"}],"wp:term":[{"taxonomy":"category","embeddable":true,"href":"https:\/\/blog.pressler-online.de\/index.php?rest_route=%2Fwp%2Fv2%2Fcategories&post=1118"},{"taxonomy":"post_tag","embeddable":true,"href":"https:\/\/blog.pressler-online.de\/index.php?rest_route=%2Fwp%2Fv2%2Ftags&post=1118"}],"curies":[{"name":"wp","href":"https:\/\/api.w.org\/{rel}","templated":true}]}}