{"id":109,"date":"2011-01-23T22:44:00","date_gmt":"2011-01-23T20:44:00","guid":{"rendered":"https:\/\/blog.pressler-online.de\/?p=109"},"modified":"2011-01-23T22:44:00","modified_gmt":"2011-01-23T20:44:00","slug":"70-geburtstag-opa-edmund","status":"publish","type":"post","link":"https:\/\/blog.pressler-online.de\/?p=109","title":{"rendered":"70. Geburtstag Opa Edmund"},"content":{"rendered":"<p><a href=\"http:\/\/2.bp.blogspot.com\/-j-TNSSFB88k\/Ta3paB3iXKI\/AAAAAAAABRE\/T28d_xrZHkQ\/s1600\/Familie_bearbeitet-Endversion.jpg\" rel=\"lightbox[109]\"><img decoding=\"async\" style=\"display:block; margin:0px auto 10px; text-align:center;cursor:pointer; cursor:hand;width: 400px; height: 238px;\" src=\"http:\/\/2.bp.blogspot.com\/-j-TNSSFB88k\/Ta3paB3iXKI\/AAAAAAAABRE\/T28d_xrZHkQ\/s400\/Familie_bearbeitet-Endversion.jpg\" alt=\"\" id=\"BLOGGER_PHOTO_ID_5597386545278639266\" border=\"0\" \/><\/a>Der Geburtstag war zwar schon vor 3 Tagen &#8211; aber heute wurde mit Familie und Freunden z\u00fcnftig Geburtstag gefeiert!<br \/>Um 12 Uhr wurde sich beim &#8222;J\u00e4ger&#8220; getroffen und erst einmal geschnackt mit den Leuten, die man schon lange nicht mehr gesehen hatte und gest\u00e4rkt, f\u00fcr das, was dann da so noch kommt im Laufe des Nachmittages.<br \/>Lea, Samira und auch eigentlich Philipp sollten ein Gedicht vortragen &#8211; aber da hat der Philipp gestreikt und gar nix gesagt &#8211; daf\u00fcr sind Lea und Samira eingesprungen.<br \/>Dann wurde musiziert &#8211; auch wieder von Lea, Samira und Michaela und dann haben wir uns als Arzt und Krankenschwestern mit H\u00e4ubchen mit rotem Kreuz auf dem Kopf verkleidet und haben einen Fitness-Test mit Edmund gemacht &#8211; den er mit Bravour bestanden hat. Alles andere h\u00e4tte uns auch verwundert \ud83d\ude42<br \/>Ich hatte ja eine Diashow vorbereitet und Michael hat noch die passende Musik hinterlegt &#8211; und die wurde dann vorgef\u00fchrt. Ich glaube, es hat dem Herrn Silber gefallen&#8230; und uns auch.<br \/>Auch Reimund war eingeladen, der nat\u00fcrlich bei uns \u00fcbernachtet hat und zu Hause noch ein bissi Kinderbelustigung gemacht hat.<\/p>\n","protected":false},"excerpt":{"rendered":"<p>Der Geburtstag war zwar schon vor 3 Tagen &#8211; aber heute wurde mit Familie und Freunden z\u00fcnftig Geburtstag gefeiert!Um 12 Uhr wurde sich beim &#8222;J\u00e4ger&#8220; getroffen und erst einmal geschnackt mit den Leuten, die man schon lange nicht mehr gesehen hatte und gest\u00e4rkt, f\u00fcr das, was dann da so noch kommt im Laufe des Nachmittages.Lea, &hellip; <\/p>\n<p class=\"link-more\"><a href=\"https:\/\/blog.pressler-online.de\/?p=109\" class=\"more-link\"><span class=\"screen-reader-text\">\u201e70. Geburtstag Opa Edmund\u201c <\/span>weiterlesen<\/a><\/p>\n","protected":false},"author":2,"featured_media":0,"comment_status":"open","ping_status":"open","sticky":false,"template":"","format":"standard","meta":{"footnotes":""},"categories":[1],"tags":[],"class_list":["post-109","post","type-post","status-publish","format-standard","hentry","category-allgemein"],"_links":{"self":[{"href":"https:\/\/blog.pressler-online.de\/index.php?rest_route=\/wp\/v2\/posts\/109","targetHints":{"allow":["GET"]}}],"collection":[{"href":"https:\/\/blog.pressler-online.de\/index.php?rest_route=\/wp\/v2\/posts"}],"about":[{"href":"https:\/\/blog.pressler-online.de\/index.php?rest_route=\/wp\/v2\/types\/post"}],"author":[{"embeddable":true,"href":"https:\/\/blog.pressler-online.de\/index.php?rest_route=\/wp\/v2\/users\/2"}],"replies":[{"embeddable":true,"href":"https:\/\/blog.pressler-online.de\/index.php?rest_route=%2Fwp%2Fv2%2Fcomments&post=109"}],"version-history":[{"count":0,"href":"https:\/\/blog.pressler-online.de\/index.php?rest_route=\/wp\/v2\/posts\/109\/revisions"}],"wp:attachment":[{"href":"https:\/\/blog.pressler-online.de\/index.php?rest_route=%2Fwp%2Fv2%2Fmedia&parent=109"}],"wp:term":[{"taxonomy":"category","embeddable":true,"href":"https:\/\/blog.pressler-online.de\/index.php?rest_route=%2Fwp%2Fv2%2Fcategories&post=109"},{"taxonomy":"post_tag","embeddable":true,"href":"https:\/\/blog.pressler-online.de\/index.php?rest_route=%2Fwp%2Fv2%2Ftags&post=109"}],"curies":[{"name":"wp","href":"https:\/\/api.w.org\/{rel}","templated":true}]}}