{"id":107,"date":"2011-01-30T22:19:00","date_gmt":"2011-01-30T20:19:00","guid":{"rendered":"https:\/\/blog.pressler-online.de\/?p=107"},"modified":"2011-01-30T22:19:00","modified_gmt":"2011-01-30T20:19:00","slug":"der-erste-tag","status":"publish","type":"post","link":"https:\/\/blog.pressler-online.de\/?p=107","title":{"rendered":"Der erste Tag"},"content":{"rendered":"<div style=\"clear: both; text-align: center;\"><a href=\"https:\/\/lh3.googleusercontent.com\/-jekf8azApyc\/TXfdZBjbocI\/AAAAAAAABCc\/vYstZdI4F3c\/s1600\/2011_01_30+1.+Skitag.jpg\" style=\"margin-left: 1em; margin-right: 1em;\" rel=\"lightbox[107]\"><img loading=\"lazy\" decoding=\"async\" border=\"0\" height=\"320\" src=\"https:\/\/lh3.googleusercontent.com\/-jekf8azApyc\/TXfdZBjbocI\/AAAAAAAABCc\/vYstZdI4F3c\/s320\/2011_01_30+1.+Skitag.jpg\" width=\"239\" \/><\/a><\/div>\n<p>Erster richtiger Urlaubs- und Skitag. Strahlend blauer Himmel. Ideal um Skifahren zu lernen. Philipp und Mathilda waren schon beim Fr\u00fchst\u00fcck ganz aufgeregt und konnten es kaum erwarten, bis es endlich zur Skischule ging. Kaum dort und die Skier unter den F\u00fc\u00dfen, sind die beiden auch schon losgewackelt.<br \/>Heute war Vatertag, d.h., die V\u00e4ter durften heute Skifahren w\u00e4hrend die M\u00fctter auf die restliche Rasselbande aufgepa\u00dft hat.<br \/>Nach den ersten Eingew\u00f6hnungsabfahrten am Hausberg bei idealen Bedingungen sind wir dann kurz vor Mittag zu  einer gr\u00f6\u00dferen Runde im Skigebiet Hochk\u00f6nig eingestiegen.<br \/>Am sp\u00e4ten Nachmittag haben wir dann zwei sichtlich gl\u00fcckliche Kinder aus der Skischule abgeholt.<br \/>Zur\u00fcck in der Pension, ging es dann gleich ins Restaurant. Dort gab es eine riesige Spielecke f\u00fcr die Kids mit Kost\u00fcmen zum Verkleiden und noch jede Menge anderer Spielsachen. Es wurde sich auch gleich mit den Kindern des Pensionwirts angefreundet, wobei sich besonders Sahra hervor getan hat.<br \/>Nach einem leckeren Abendessen wurden die m\u00fcden kleinen Krieger ins Bett gebracht und wir Erwachsenen lie\u00dfen den Tag gem\u00fctlich ausklingen &#8211; besser kann ein Skitag kaum sein.<\/p>\n","protected":false},"excerpt":{"rendered":"<p>Erster richtiger Urlaubs- und Skitag. Strahlend blauer Himmel. Ideal um Skifahren zu lernen. Philipp und Mathilda waren schon beim Fr\u00fchst\u00fcck ganz aufgeregt und konnten es kaum erwarten, bis es endlich zur Skischule ging. Kaum dort und die Skier unter den F\u00fc\u00dfen, sind die beiden auch schon losgewackelt.Heute war Vatertag, d.h., die V\u00e4ter durften heute Skifahren &hellip; <\/p>\n<p class=\"link-more\"><a href=\"https:\/\/blog.pressler-online.de\/?p=107\" class=\"more-link\"><span class=\"screen-reader-text\">\u201eDer erste Tag\u201c <\/span>weiterlesen<\/a><\/p>\n","protected":false},"author":5,"featured_media":0,"comment_status":"open","ping_status":"open","sticky":false,"template":"","format":"standard","meta":{"footnotes":""},"categories":[1],"tags":[],"class_list":["post-107","post","type-post","status-publish","format-standard","hentry","category-allgemein"],"_links":{"self":[{"href":"https:\/\/blog.pressler-online.de\/index.php?rest_route=\/wp\/v2\/posts\/107","targetHints":{"allow":["GET"]}}],"collection":[{"href":"https:\/\/blog.pressler-online.de\/index.php?rest_route=\/wp\/v2\/posts"}],"about":[{"href":"https:\/\/blog.pressler-online.de\/index.php?rest_route=\/wp\/v2\/types\/post"}],"author":[{"embeddable":true,"href":"https:\/\/blog.pressler-online.de\/index.php?rest_route=\/wp\/v2\/users\/5"}],"replies":[{"embeddable":true,"href":"https:\/\/blog.pressler-online.de\/index.php?rest_route=%2Fwp%2Fv2%2Fcomments&post=107"}],"version-history":[{"count":0,"href":"https:\/\/blog.pressler-online.de\/index.php?rest_route=\/wp\/v2\/posts\/107\/revisions"}],"wp:attachment":[{"href":"https:\/\/blog.pressler-online.de\/index.php?rest_route=%2Fwp%2Fv2%2Fmedia&parent=107"}],"wp:term":[{"taxonomy":"category","embeddable":true,"href":"https:\/\/blog.pressler-online.de\/index.php?rest_route=%2Fwp%2Fv2%2Fcategories&post=107"},{"taxonomy":"post_tag","embeddable":true,"href":"https:\/\/blog.pressler-online.de\/index.php?rest_route=%2Fwp%2Fv2%2Ftags&post=107"}],"curies":[{"name":"wp","href":"https:\/\/api.w.org\/{rel}","templated":true}]}}